{"id":114822,"date":"2023-02-08T11:21:13","date_gmt":"2023-02-08T14:21:13","guid":{"rendered":"https:\/\/eldiariodesanpedro.com.ar\/sitio\/?p=114822"},"modified":"2023-02-08T11:21:15","modified_gmt":"2023-02-08T14:21:15","slug":"joven-aprehendido-por-robar-un-paquete-de-cigarrillos-a-playeros-de-una-estacion-de-servicios","status":"publish","type":"post","link":"https:\/\/eldiariodesanpedro.com.ar\/sitio\/joven-aprehendido-por-robar-un-paquete-de-cigarrillos-a-playeros-de-una-estacion-de-servicios\/","title":{"rendered":"Joven aprehendido por robar un paquete de cigarrillos a playeros de una estaci\u00f3n de servicios"},"content":{"rendered":"<!-- VideographyWP Plugin Message: Automatic video embedding prevented by plugin options. -->\n\n<p>En el d\u00eda de ayer promediando las 11 horas el personal policial tras r\u00e1pido accionar en calle Bv Moreno y Miguel Porta, proceden a la aprehensi\u00f3n de un ciudadano de 18 a\u00f1os oriundo de la localidad de Z\u00e1rate, quien momentos previos sustrae un atado de cigarrillos Lucky Strike, del interior de sala de empleados de estaci\u00f3n de servicio YPF ubicada en calle Mitre y 3 de Febrero, el mismo sujeto intenta sustraer m\u00e1quina de cortar cabello de comercio rubro bazar \u201cBazar Chen\u201d ubicado en calle Mitre de la familia de nacionalidad oriental.<\/p>\n\n\n\n<p>Anteviniendo la UFI 11 disponiendo que sea notificado de la formaci\u00f3n de la causa y posterior libertad.-<\/p>\n","protected":false},"excerpt":{"rendered":"<p>En el d\u00eda de ayer promediando las 11 horas el personal policial tras r\u00e1pido accionar en calle Bv Moreno y Miguel Porta, proceden a la aprehensi\u00f3n de un ciudadano de 18 a\u00f1os oriundo de la localidad de Z\u00e1rate, quien momentos previos sustrae un atado de cigarrillos Lucky Strike, del interior de sala de empleados de [&hellip;]<\/p>\n","protected":false},"author":4,"featured_media":114823,"comment_status":"closed","ping_status":"closed","sticky":false,"template":"","format":"standard","meta":{"om_disable_all_campaigns":false,"_jetpack_memberships_contains_paid_content":false,"footnotes":""},"categories":[50,2,103],"tags":[197,33,95,19],"class_list":["post-114822","post","type-post","status-publish","format-standard","has-post-thumbnail","hentry","category-destacadas","category-locales","category-policiales-locales","tag-buenos-aires","tag-locales","tag-policiales","tag-san-pedro"],"aioseo_notices":[],"gutentor_comment":0,"jetpack_featured_media_url":"https:\/\/eldiariodesanpedro.com.ar\/sitio\/wp-content\/uploads\/2023\/02\/medida-1.png","jetpack_shortlink":"https:\/\/wp.me\/p6RhLt-tRY","jetpack_sharing_enabled":true,"_links":{"self":[{"href":"https:\/\/eldiariodesanpedro.com.ar\/sitio\/wp-json\/wp\/v2\/posts\/114822","targetHints":{"allow":["GET"]}}],"collection":[{"href":"https:\/\/eldiariodesanpedro.com.ar\/sitio\/wp-json\/wp\/v2\/posts"}],"about":[{"href":"https:\/\/eldiariodesanpedro.com.ar\/sitio\/wp-json\/wp\/v2\/types\/post"}],"author":[{"embeddable":true,"href":"https:\/\/eldiariodesanpedro.com.ar\/sitio\/wp-json\/wp\/v2\/users\/4"}],"replies":[{"embeddable":true,"href":"https:\/\/eldiariodesanpedro.com.ar\/sitio\/wp-json\/wp\/v2\/comments?post=114822"}],"version-history":[{"count":1,"href":"https:\/\/eldiariodesanpedro.com.ar\/sitio\/wp-json\/wp\/v2\/posts\/114822\/revisions"}],"predecessor-version":[{"id":114824,"href":"https:\/\/eldiariodesanpedro.com.ar\/sitio\/wp-json\/wp\/v2\/posts\/114822\/revisions\/114824"}],"wp:featuredmedia":[{"embeddable":true,"href":"https:\/\/eldiariodesanpedro.com.ar\/sitio\/wp-json\/wp\/v2\/media\/114823"}],"wp:attachment":[{"href":"https:\/\/eldiariodesanpedro.com.ar\/sitio\/wp-json\/wp\/v2\/media?parent=114822"}],"wp:term":[{"taxonomy":"category","embeddable":true,"href":"https:\/\/eldiariodesanpedro.com.ar\/sitio\/wp-json\/wp\/v2\/categories?post=114822"},{"taxonomy":"post_tag","embeddable":true,"href":"https:\/\/eldiariodesanpedro.com.ar\/sitio\/wp-json\/wp\/v2\/tags?post=114822"}],"curies":[{"name":"wp","href":"https:\/\/api.w.org\/{rel}","templated":true}]}}