{"id":114811,"date":"2023-02-08T11:00:30","date_gmt":"2023-02-08T14:00:30","guid":{"rendered":"https:\/\/eldiariodesanpedro.com.ar\/sitio\/?p=114811"},"modified":"2023-02-08T11:00:32","modified_gmt":"2023-02-08T14:00:32","slug":"salazar-y-baraybar-participaron-de-una-importante-reunion-con-la-ministra-de-gobierno-de-la-provincia-de-buenos-aires","status":"publish","type":"post","link":"https:\/\/eldiariodesanpedro.com.ar\/sitio\/salazar-y-baraybar-participaron-de-una-importante-reunion-con-la-ministra-de-gobierno-de-la-provincia-de-buenos-aires\/","title":{"rendered":"Salazar y Baraybar participaron de una importante reuni\u00f3n con la Ministra de Gobierno de la provincia de Buenos Aires"},"content":{"rendered":"<!-- VideographyWP Plugin Message: Automatic video embedding prevented by plugin options. -->\n\n<p>El Intendente Ram\u00f3n Salazar y el Secretario de Gobierno Mart\u00edn Baraybar, fueron recibidos este mediod\u00eda por la Ministra de Gobierno de la provincia de Buenos Aires, Arquitecta Cristina Alvarez Rodr\u00edguez, para una reuni\u00f3n de trabajo en la que se repasaron diferentes temas.<\/p>\n\n\n\n<p>Los representantes del gobierno local presentaron una agenda para la cu\u00e1l son muy importantes las gestiones que pueden realizarse desde un ministerio estrat\u00e9gico en el Gobierno de la Provincia de Buenos Aires.<\/p>\n\n\n\n<p>La inminente licitaci\u00f3n para la obra de repavimentaci\u00f3n de la ruta 1001, sobre la que se esperan novedades en breve, la pavimentaci\u00f3n del acceso a Santa Luc\u00eda, la renovaci\u00f3n de iluminaci\u00f3n e infraestructura de espacios p\u00fablicos y el apoyo a eventos de promoci\u00f3n para la producci\u00f3n fueron parte de lo charlado en el encuentro.<\/p>\n\n\n\n<p>La Ministra comprometi\u00f3 su intervenci\u00f3n para agilizar estos tr\u00e1mites, en el marco del plan \u00abDerecho al Futuro\u00bb con el que el gobierno provincial a reimpulsado m\u00faltiples acciones en todo el territorio bonaerense, luego de las suspensiones generadas por la pandemia y por la situaci\u00f3n econ\u00f3mica general.<\/p>\n","protected":false},"excerpt":{"rendered":"<p>El Intendente Ram\u00f3n Salazar y el Secretario de Gobierno Mart\u00edn Baraybar, fueron recibidos este mediod\u00eda por la Ministra de Gobierno de la provincia de Buenos Aires, Arquitecta Cristina Alvarez Rodr\u00edguez, para una reuni\u00f3n de trabajo en la que se repasaron diferentes temas. Los representantes del gobierno local presentaron una agenda para la cu\u00e1l son muy [&hellip;]<\/p>\n","protected":false},"author":4,"featured_media":114812,"comment_status":"closed","ping_status":"closed","sticky":false,"template":"","format":"standard","meta":{"om_disable_all_campaigns":false,"_jetpack_memberships_contains_paid_content":false,"footnotes":""},"categories":[50,101,2],"tags":[197,696,33,19],"class_list":["post-114811","post","type-post","status-publish","format-standard","has-post-thumbnail","hentry","category-destacadas","category-interes-general-locales","category-locales","tag-buenos-aires","tag-interes-general","tag-locales","tag-san-pedro"],"aioseo_notices":[],"gutentor_comment":0,"jetpack_featured_media_url":"https:\/\/eldiariodesanpedro.com.ar\/sitio\/wp-content\/uploads\/2023\/02\/WhatsApp-Image-2023-02-07-at-5.57.41-PM-800x445-1.jpeg","jetpack_shortlink":"https:\/\/wp.me\/p6RhLt-tRN","jetpack_sharing_enabled":true,"_links":{"self":[{"href":"https:\/\/eldiariodesanpedro.com.ar\/sitio\/wp-json\/wp\/v2\/posts\/114811","targetHints":{"allow":["GET"]}}],"collection":[{"href":"https:\/\/eldiariodesanpedro.com.ar\/sitio\/wp-json\/wp\/v2\/posts"}],"about":[{"href":"https:\/\/eldiariodesanpedro.com.ar\/sitio\/wp-json\/wp\/v2\/types\/post"}],"author":[{"embeddable":true,"href":"https:\/\/eldiariodesanpedro.com.ar\/sitio\/wp-json\/wp\/v2\/users\/4"}],"replies":[{"embeddable":true,"href":"https:\/\/eldiariodesanpedro.com.ar\/sitio\/wp-json\/wp\/v2\/comments?post=114811"}],"version-history":[{"count":1,"href":"https:\/\/eldiariodesanpedro.com.ar\/sitio\/wp-json\/wp\/v2\/posts\/114811\/revisions"}],"predecessor-version":[{"id":114813,"href":"https:\/\/eldiariodesanpedro.com.ar\/sitio\/wp-json\/wp\/v2\/posts\/114811\/revisions\/114813"}],"wp:featuredmedia":[{"embeddable":true,"href":"https:\/\/eldiariodesanpedro.com.ar\/sitio\/wp-json\/wp\/v2\/media\/114812"}],"wp:attachment":[{"href":"https:\/\/eldiariodesanpedro.com.ar\/sitio\/wp-json\/wp\/v2\/media?parent=114811"}],"wp:term":[{"taxonomy":"category","embeddable":true,"href":"https:\/\/eldiariodesanpedro.com.ar\/sitio\/wp-json\/wp\/v2\/categories?post=114811"},{"taxonomy":"post_tag","embeddable":true,"href":"https:\/\/eldiariodesanpedro.com.ar\/sitio\/wp-json\/wp\/v2\/tags?post=114811"}],"curies":[{"name":"wp","href":"https:\/\/api.w.org\/{rel}","templated":true}]}}