{"id":114809,"date":"2023-02-08T10:51:17","date_gmt":"2023-02-08T13:51:17","guid":{"rendered":"https:\/\/eldiariodesanpedro.com.ar\/sitio\/?p=114809"},"modified":"2023-02-08T10:51:19","modified_gmt":"2023-02-08T13:51:19","slug":"cronograma-de-anses-desde-hoy-cobraran-jubilaciones-y-pensiones-minimas-auh-y-asignacion-familiar-por-hija-e-hijo","status":"publish","type":"post","link":"https:\/\/eldiariodesanpedro.com.ar\/sitio\/cronograma-de-anses-desde-hoy-cobraran-jubilaciones-y-pensiones-minimas-auh-y-asignacion-familiar-por-hija-e-hijo\/","title":{"rendered":"Cronograma de Anses desde hoy cobraran jubilaciones y pensiones m\u00ednimas, AUH y Asignaci\u00f3n Familiar por Hija e Hijo"},"content":{"rendered":"<!-- VideographyWP Plugin Message: Automatic video embedding prevented by plugin options. -->\n\n<p>ANSES informa que hoy comienzan los pagos de jubilaciones y pensiones m\u00ednimas, Asignaci\u00f3n Universal por Hija e Hijo (AUH) y Asignaci\u00f3n Familiar por Hija e Hijo.<br>En tanto, los jubilados y pensionados reciben su haber junto a la tercera cuota el refuerzo de ingresos de 10 mil pesos, por lo que ninguna jubilaci\u00f3n queda por debajo de los 60 mil pesos.<br>En este sentido, los cronogramas quedan conformados de la siguiente manera:<\/p>\n\n\n\n<p>Jubilaciones y pensiones que no superen un haber m\u00ednimo<br>\u00b7 DNI terminados en 0: 8 de febrero<br>\u00b7 DNI terminados en 1: 9 de febrero<br>\u00b7 DNI terminados en 2: 10 de febrero<br>\u00b7 DNI terminados en 3: 13 de febrero<br>\u00b7 DNI terminados en 4: 14 de febrero<br>\u00b7 DNI terminados en 5: 15 de febrero<br>\u00b7 DNI terminados en 6: 15 de febrero<br>\u00b7 DNI terminados en 7: 16 de febrero<br>\u00b7 DNI terminados en 8: 16 de febrero<br>\u00b7 DNI terminados en 9: 17 de febrero<\/p>\n\n\n\n<p>Asignaci\u00f3n Universal y Asignaci\u00f3n Familiar por Hijo<br>\u00b7 DNI terminados en 0: 8 de febrero<br>\u00b7 DNI terminados en 1: 9 de febrero<br>\u00b7 DNI terminados en 2: 10 de febrero<br>\u00b7 DNI terminados en 3: 13 de febrero<br>\u00b7 DNI terminados en 4: 14 de febrero<br>\u00b7 DNI terminados en 5: 15 de febrero<br>\u00b7 DNI terminados en 6: 16 de febrero<br>\u00b7 DNI terminados en 7: 17 de febrero<br>\u00b7 DNI terminados en 8: 22 de febrero<br>\u00b7 DNI terminados en 9: 23 de febrero<\/p>\n","protected":false},"excerpt":{"rendered":"<p>ANSES informa que hoy comienzan los pagos de jubilaciones y pensiones m\u00ednimas, Asignaci\u00f3n Universal por Hija e Hijo (AUH) y Asignaci\u00f3n Familiar por Hija e Hijo.En tanto, los jubilados y pensionados reciben su haber junto a la tercera cuota el refuerzo de ingresos de 10 mil pesos, por lo que ninguna jubilaci\u00f3n queda por debajo [&hellip;]<\/p>\n","protected":false},"author":4,"featured_media":87491,"comment_status":"closed","ping_status":"closed","sticky":false,"template":"","format":"standard","meta":{"om_disable_all_campaigns":false,"_jetpack_memberships_contains_paid_content":false,"footnotes":""},"categories":[101,2],"tags":[197,696,33,19],"class_list":["post-114809","post","type-post","status-publish","format-standard","has-post-thumbnail","hentry","category-interes-general-locales","category-locales","tag-buenos-aires","tag-interes-general","tag-locales","tag-san-pedro"],"aioseo_notices":[],"gutentor_comment":0,"jetpack_featured_media_url":"https:\/\/eldiariodesanpedro.com.ar\/sitio\/wp-content\/uploads\/2021\/02\/anses-4.jpg","jetpack_shortlink":"https:\/\/wp.me\/p6RhLt-tRL","jetpack_sharing_enabled":true,"_links":{"self":[{"href":"https:\/\/eldiariodesanpedro.com.ar\/sitio\/wp-json\/wp\/v2\/posts\/114809","targetHints":{"allow":["GET"]}}],"collection":[{"href":"https:\/\/eldiariodesanpedro.com.ar\/sitio\/wp-json\/wp\/v2\/posts"}],"about":[{"href":"https:\/\/eldiariodesanpedro.com.ar\/sitio\/wp-json\/wp\/v2\/types\/post"}],"author":[{"embeddable":true,"href":"https:\/\/eldiariodesanpedro.com.ar\/sitio\/wp-json\/wp\/v2\/users\/4"}],"replies":[{"embeddable":true,"href":"https:\/\/eldiariodesanpedro.com.ar\/sitio\/wp-json\/wp\/v2\/comments?post=114809"}],"version-history":[{"count":1,"href":"https:\/\/eldiariodesanpedro.com.ar\/sitio\/wp-json\/wp\/v2\/posts\/114809\/revisions"}],"predecessor-version":[{"id":114810,"href":"https:\/\/eldiariodesanpedro.com.ar\/sitio\/wp-json\/wp\/v2\/posts\/114809\/revisions\/114810"}],"wp:featuredmedia":[{"embeddable":true,"href":"https:\/\/eldiariodesanpedro.com.ar\/sitio\/wp-json\/wp\/v2\/media\/87491"}],"wp:attachment":[{"href":"https:\/\/eldiariodesanpedro.com.ar\/sitio\/wp-json\/wp\/v2\/media?parent=114809"}],"wp:term":[{"taxonomy":"category","embeddable":true,"href":"https:\/\/eldiariodesanpedro.com.ar\/sitio\/wp-json\/wp\/v2\/categories?post=114809"},{"taxonomy":"post_tag","embeddable":true,"href":"https:\/\/eldiariodesanpedro.com.ar\/sitio\/wp-json\/wp\/v2\/tags?post=114809"}],"curies":[{"name":"wp","href":"https:\/\/api.w.org\/{rel}","templated":true}]}}