{"id":114807,"date":"2023-02-07T15:12:18","date_gmt":"2023-02-07T18:12:18","guid":{"rendered":"https:\/\/eldiariodesanpedro.com.ar\/sitio\/?p=114807"},"modified":"2023-02-07T15:12:20","modified_gmt":"2023-02-07T18:12:20","slug":"manana-corte-de-energia-en-zona-de-la-costa-y-zona-centrica","status":"publish","type":"post","link":"https:\/\/eldiariodesanpedro.com.ar\/sitio\/manana-corte-de-energia-en-zona-de-la-costa-y-zona-centrica\/","title":{"rendered":"Ma\u00f1ana corte de energ\u00eda en zona de la costa y zona c\u00e9ntrica"},"content":{"rendered":"<!-- VideographyWP Plugin Message: Automatic video embedding prevented by plugin options. -->\n\n<p><strong>Este mi\u00e9rcoles 8 de febrero la Coopser informa el corte de energ\u00eda en la zona de la costa y zona centrica por tareas de de mantenimiento<\/strong><\/p>\n\n\n\n<p><strong>De 6:30 a 8:00 hs.<\/strong><\/p>\n\n\n\n<p>Avenida Espa\u00f1a (Desde Club N\u00e1utico a Complejo Mansa LYFE)<\/p>\n\n\n\n<p><strong>De 7:00 a 9:00 hs.<\/strong><\/p>\n\n\n\n<p>Cuadrante: Avenida Sarmiento, Presidente Per\u00f3n, Chivilcoy y San Mart\u00edn.<\/p>\n\n\n\n<p><strong>En caso de mal tiempo ser\u00e1 reprogramado.<\/strong><\/p>\n","protected":false},"excerpt":{"rendered":"<p>Este mi\u00e9rcoles 8 de febrero la Coopser informa el corte de energ\u00eda en la zona de la costa y zona centrica por tareas de de mantenimiento De 6:30 a 8:00 hs. Avenida Espa\u00f1a (Desde Club N\u00e1utico a Complejo Mansa LYFE) De 7:00 a 9:00 hs. Cuadrante: Avenida Sarmiento, Presidente Per\u00f3n, Chivilcoy y San Mart\u00edn. En [&hellip;]<\/p>\n","protected":false},"author":4,"featured_media":86002,"comment_status":"closed","ping_status":"closed","sticky":false,"template":"","format":"standard","meta":{"om_disable_all_campaigns":false,"_jetpack_memberships_contains_paid_content":false,"footnotes":""},"categories":[50,101,2],"tags":[197,696,33,19],"class_list":["post-114807","post","type-post","status-publish","format-standard","has-post-thumbnail","hentry","category-destacadas","category-interes-general-locales","category-locales","tag-buenos-aires","tag-interes-general","tag-locales","tag-san-pedro"],"aioseo_notices":[],"gutentor_comment":0,"jetpack_featured_media_url":"https:\/\/eldiariodesanpedro.com.ar\/sitio\/wp-content\/uploads\/2021\/01\/coopser_6.jpg","jetpack_shortlink":"https:\/\/wp.me\/p6RhLt-tRJ","jetpack_sharing_enabled":true,"_links":{"self":[{"href":"https:\/\/eldiariodesanpedro.com.ar\/sitio\/wp-json\/wp\/v2\/posts\/114807","targetHints":{"allow":["GET"]}}],"collection":[{"href":"https:\/\/eldiariodesanpedro.com.ar\/sitio\/wp-json\/wp\/v2\/posts"}],"about":[{"href":"https:\/\/eldiariodesanpedro.com.ar\/sitio\/wp-json\/wp\/v2\/types\/post"}],"author":[{"embeddable":true,"href":"https:\/\/eldiariodesanpedro.com.ar\/sitio\/wp-json\/wp\/v2\/users\/4"}],"replies":[{"embeddable":true,"href":"https:\/\/eldiariodesanpedro.com.ar\/sitio\/wp-json\/wp\/v2\/comments?post=114807"}],"version-history":[{"count":1,"href":"https:\/\/eldiariodesanpedro.com.ar\/sitio\/wp-json\/wp\/v2\/posts\/114807\/revisions"}],"predecessor-version":[{"id":114808,"href":"https:\/\/eldiariodesanpedro.com.ar\/sitio\/wp-json\/wp\/v2\/posts\/114807\/revisions\/114808"}],"wp:featuredmedia":[{"embeddable":true,"href":"https:\/\/eldiariodesanpedro.com.ar\/sitio\/wp-json\/wp\/v2\/media\/86002"}],"wp:attachment":[{"href":"https:\/\/eldiariodesanpedro.com.ar\/sitio\/wp-json\/wp\/v2\/media?parent=114807"}],"wp:term":[{"taxonomy":"category","embeddable":true,"href":"https:\/\/eldiariodesanpedro.com.ar\/sitio\/wp-json\/wp\/v2\/categories?post=114807"},{"taxonomy":"post_tag","embeddable":true,"href":"https:\/\/eldiariodesanpedro.com.ar\/sitio\/wp-json\/wp\/v2\/tags?post=114807"}],"curies":[{"name":"wp","href":"https:\/\/api.w.org\/{rel}","templated":true}]}}