{"id":114778,"date":"2023-02-07T10:39:41","date_gmt":"2023-02-07T13:39:41","guid":{"rendered":"https:\/\/eldiariodesanpedro.com.ar\/sitio\/?p=114778"},"modified":"2023-02-07T10:39:43","modified_gmt":"2023-02-07T13:39:43","slug":"florencia-paz-sera-una-de-las-atracciones-del-san-pedro-canta-2023","status":"publish","type":"post","link":"https:\/\/eldiariodesanpedro.com.ar\/sitio\/florencia-paz-sera-una-de-las-atracciones-del-san-pedro-canta-2023\/","title":{"rendered":"Florencia Paz ser\u00e1 una de las atracciones del \u00abSan Pedro Canta 2023\u00bb"},"content":{"rendered":"<!-- VideographyWP Plugin Message: Automatic video embedding prevented by plugin options. -->\n\n<p>La cantautora santiague\u00f1a cerrar\u00e1 la jornada del domingo. El festival se desarrollar\u00e1 el fin de semana de carnaval.<\/p>\n\n\n\n<p>El fin de semana largo del feriado de carnaval se desarrollar\u00e1 en nuestra ciudad la edici\u00f3n 2023 del festival \u00abSan Pedro Canta\u00bb.<\/p>\n\n\n\n<p>Ser\u00e1 los d\u00edas 18, 19 y 20 de febrero reuniendo a artistas de renombre.<\/p>\n\n\n\n<p>Se confirm\u00f3 en las \u00faltimas horas que el cierre del s\u00e1bado estar\u00e1 a cargo de una artista de renombre como es Florencia Paz, hija de Onofre Paz, fundador de \u00abLos Manseros Santiague\u00f1os\u00bb y figura hist\u00f3rica del folklore, que viene de presentarse con gran \u00e9xito en el Festival Nacional de Folklore de Cosqu\u00edn y ganadora del premio \u00abGardel 2022\u00bb.<\/p>\n\n\n\n<p>En sus actuaciones la artista reafirma su estilo, caracterizado por un tono y tinte aut\u00f3ctono que se fusiona musicalmente con un lenguaje contempor\u00e1neo que traspasa fronteras musicales, logrando as\u00ed un sonido propio que la sella en el presente de la m\u00fasica folkl\u00f3rica argentina.<\/p>\n\n\n\n<p>En tanto que el domingo tambi\u00e9n se presentar\u00e1 el \u00abDuo Reynoso, tambi\u00e9n hijos del legendario bombista Los Manseros Santiague\u00f1os, Fatiga Reynoso.<\/p>\n","protected":false},"excerpt":{"rendered":"<p>La cantautora santiague\u00f1a cerrar\u00e1 la jornada del domingo. El festival se desarrollar\u00e1 el fin de semana de carnaval. El fin de semana largo del feriado de carnaval se desarrollar\u00e1 en nuestra ciudad la edici\u00f3n 2023 del festival \u00abSan Pedro Canta\u00bb. Ser\u00e1 los d\u00edas 18, 19 y 20 de febrero reuniendo a artistas de renombre. Se [&hellip;]<\/p>\n","protected":false},"author":4,"featured_media":114779,"comment_status":"closed","ping_status":"closed","sticky":false,"template":"","format":"standard","meta":{"om_disable_all_campaigns":false,"_jetpack_memberships_contains_paid_content":false,"footnotes":""},"categories":[50,101,2],"tags":[197,696,33,19],"class_list":["post-114778","post","type-post","status-publish","format-standard","has-post-thumbnail","hentry","category-destacadas","category-interes-general-locales","category-locales","tag-buenos-aires","tag-interes-general","tag-locales","tag-san-pedro"],"aioseo_notices":[],"gutentor_comment":0,"jetpack_featured_media_url":"https:\/\/eldiariodesanpedro.com.ar\/sitio\/wp-content\/uploads\/2023\/02\/0000021614-resized-1920x1080-1.jpg","jetpack_shortlink":"https:\/\/wp.me\/p6RhLt-tRg","jetpack_sharing_enabled":true,"_links":{"self":[{"href":"https:\/\/eldiariodesanpedro.com.ar\/sitio\/wp-json\/wp\/v2\/posts\/114778","targetHints":{"allow":["GET"]}}],"collection":[{"href":"https:\/\/eldiariodesanpedro.com.ar\/sitio\/wp-json\/wp\/v2\/posts"}],"about":[{"href":"https:\/\/eldiariodesanpedro.com.ar\/sitio\/wp-json\/wp\/v2\/types\/post"}],"author":[{"embeddable":true,"href":"https:\/\/eldiariodesanpedro.com.ar\/sitio\/wp-json\/wp\/v2\/users\/4"}],"replies":[{"embeddable":true,"href":"https:\/\/eldiariodesanpedro.com.ar\/sitio\/wp-json\/wp\/v2\/comments?post=114778"}],"version-history":[{"count":1,"href":"https:\/\/eldiariodesanpedro.com.ar\/sitio\/wp-json\/wp\/v2\/posts\/114778\/revisions"}],"predecessor-version":[{"id":114780,"href":"https:\/\/eldiariodesanpedro.com.ar\/sitio\/wp-json\/wp\/v2\/posts\/114778\/revisions\/114780"}],"wp:featuredmedia":[{"embeddable":true,"href":"https:\/\/eldiariodesanpedro.com.ar\/sitio\/wp-json\/wp\/v2\/media\/114779"}],"wp:attachment":[{"href":"https:\/\/eldiariodesanpedro.com.ar\/sitio\/wp-json\/wp\/v2\/media?parent=114778"}],"wp:term":[{"taxonomy":"category","embeddable":true,"href":"https:\/\/eldiariodesanpedro.com.ar\/sitio\/wp-json\/wp\/v2\/categories?post=114778"},{"taxonomy":"post_tag","embeddable":true,"href":"https:\/\/eldiariodesanpedro.com.ar\/sitio\/wp-json\/wp\/v2\/tags?post=114778"}],"curies":[{"name":"wp","href":"https:\/\/api.w.org\/{rel}","templated":true}]}}