{"id":114775,"date":"2023-02-07T10:34:17","date_gmt":"2023-02-07T13:34:17","guid":{"rendered":"https:\/\/eldiariodesanpedro.com.ar\/sitio\/?p=114775"},"modified":"2023-02-07T10:34:19","modified_gmt":"2023-02-07T13:34:19","slug":"convocatoria-abierta-para-talleres-culturales-barriales","status":"publish","type":"post","link":"https:\/\/eldiariodesanpedro.com.ar\/sitio\/convocatoria-abierta-para-talleres-culturales-barriales\/","title":{"rendered":"Convocatoria abierta para \u00abTalleres Culturales Barriales\u00bb"},"content":{"rendered":"<!-- VideographyWP Plugin Message: Automatic video embedding prevented by plugin options. -->\n\n<p>La Secretar\u00eda de Turismo y Cultura de la Municipalidad de San Pedro conjuntamente con la Comisi\u00f3n de Promoci\u00f3n Cultural del Honorable Concejo Deliberante informan que se encuentra abierta la convocatoria a la presentaci\u00f3n de proyectos para participar en el desarrollo de \u00abTalleres Culturales Barriales\u00bb.<\/p>\n\n\n\n<p>Quienes deseen enviar sus proyectos podr\u00e1n presentar el material, hasta el martes 28 de febrero, en el Centro Cultural Abelardo Castillo, ubicado en 25 de mayo 848, de lunes a viernes de 8 a 20 hs. o por mail a cultura@sanpedro.gob.ar.<\/p>\n","protected":false},"excerpt":{"rendered":"<p>La Secretar\u00eda de Turismo y Cultura de la Municipalidad de San Pedro conjuntamente con la Comisi\u00f3n de Promoci\u00f3n Cultural del Honorable Concejo Deliberante informan que se encuentra abierta la convocatoria a la presentaci\u00f3n de proyectos para participar en el desarrollo de \u00abTalleres Culturales Barriales\u00bb. Quienes deseen enviar sus proyectos podr\u00e1n presentar el material, hasta el [&hellip;]<\/p>\n","protected":false},"author":4,"featured_media":114776,"comment_status":"closed","ping_status":"closed","sticky":false,"template":"","format":"standard","meta":{"om_disable_all_campaigns":false,"_jetpack_memberships_contains_paid_content":false,"footnotes":""},"categories":[101,2],"tags":[197,696,33,19],"class_list":["post-114775","post","type-post","status-publish","format-standard","has-post-thumbnail","hentry","category-interes-general-locales","category-locales","tag-buenos-aires","tag-interes-general","tag-locales","tag-san-pedro"],"aioseo_notices":[],"gutentor_comment":0,"jetpack_featured_media_url":"https:\/\/eldiariodesanpedro.com.ar\/sitio\/wp-content\/uploads\/2023\/02\/Talleres-barriales.jpeg","jetpack_shortlink":"https:\/\/wp.me\/p6RhLt-tRd","jetpack_sharing_enabled":true,"_links":{"self":[{"href":"https:\/\/eldiariodesanpedro.com.ar\/sitio\/wp-json\/wp\/v2\/posts\/114775","targetHints":{"allow":["GET"]}}],"collection":[{"href":"https:\/\/eldiariodesanpedro.com.ar\/sitio\/wp-json\/wp\/v2\/posts"}],"about":[{"href":"https:\/\/eldiariodesanpedro.com.ar\/sitio\/wp-json\/wp\/v2\/types\/post"}],"author":[{"embeddable":true,"href":"https:\/\/eldiariodesanpedro.com.ar\/sitio\/wp-json\/wp\/v2\/users\/4"}],"replies":[{"embeddable":true,"href":"https:\/\/eldiariodesanpedro.com.ar\/sitio\/wp-json\/wp\/v2\/comments?post=114775"}],"version-history":[{"count":1,"href":"https:\/\/eldiariodesanpedro.com.ar\/sitio\/wp-json\/wp\/v2\/posts\/114775\/revisions"}],"predecessor-version":[{"id":114777,"href":"https:\/\/eldiariodesanpedro.com.ar\/sitio\/wp-json\/wp\/v2\/posts\/114775\/revisions\/114777"}],"wp:featuredmedia":[{"embeddable":true,"href":"https:\/\/eldiariodesanpedro.com.ar\/sitio\/wp-json\/wp\/v2\/media\/114776"}],"wp:attachment":[{"href":"https:\/\/eldiariodesanpedro.com.ar\/sitio\/wp-json\/wp\/v2\/media?parent=114775"}],"wp:term":[{"taxonomy":"category","embeddable":true,"href":"https:\/\/eldiariodesanpedro.com.ar\/sitio\/wp-json\/wp\/v2\/categories?post=114775"},{"taxonomy":"post_tag","embeddable":true,"href":"https:\/\/eldiariodesanpedro.com.ar\/sitio\/wp-json\/wp\/v2\/tags?post=114775"}],"curies":[{"name":"wp","href":"https:\/\/api.w.org\/{rel}","templated":true}]}}