{"id":114771,"date":"2023-02-06T15:55:27","date_gmt":"2023-02-06T18:55:27","guid":{"rendered":"https:\/\/eldiariodesanpedro.com.ar\/sitio\/?p=114771"},"modified":"2023-02-06T15:55:29","modified_gmt":"2023-02-06T18:55:29","slug":"alerta-por-altas-temperaturas-para-la-ciudad-y-la-region","status":"publish","type":"post","link":"https:\/\/eldiariodesanpedro.com.ar\/sitio\/alerta-por-altas-temperaturas-para-la-ciudad-y-la-region\/","title":{"rendered":"Alerta por altas temperaturas para la ciudad y la regi\u00f3n"},"content":{"rendered":"<!-- VideographyWP Plugin Message: Automatic video embedding prevented by plugin options. -->\n\n<p>La Secretar\u00eda de Salud de la Municipalidad de San Pedro comparte las recomendaciones habituales ante la previsi\u00f3n de sucesivas jornadas con altas temperaturas. Desde el Servicio Meteorol\u00f3gico Nacional se ha emitido una alerta para nuestra regi\u00f3n con m\u00e1ximas de entre 35\u00ba y 42\u00ba para los pr\u00f3ximos d\u00edas.<\/p>\n\n\n\n<p>Es muy importante tener en cuenta estas sugerencias:<\/p>\n\n\n\n<ul class=\"wp-block-list\"><li>Beber abundante l\u00edquido para mantener la hidrataci\u00f3n.<\/li><li>Evitar el consumo de bebidas alcoh\u00f3licas y muy azucaradas.<\/li><li>Moderar los planes de entrenamiento evitando los horarios m\u00e1s calurosos.<\/li><li>Utilizar indumentaria clara.<\/li><li>Ingerir frutas y verduras<\/li><\/ul>\n\n\n\n<p>Contemplar medidas adicionales en ni\u00f1os, ni\u00f1as y adultos mayores.<\/p>\n\n\n\n<p>M\u00e1s informaci\u00f3n: <a href=\"https:\/\/bit.ly\/3X2sTMF\">https:\/\/bit.ly\/3X2sTMF<\/a><\/p>\n\n\n\n<figure class=\"wp-block-image size-full\"><img decoding=\"async\" width=\"630\" height=\"630\" data-attachment-id=\"114772\" data-permalink=\"https:\/\/eldiariodesanpedro.com.ar\/sitio\/alerta-por-altas-temperaturas-para-la-ciudad-y-la-region\/whatsapp-image-2023-02-06-at-13-17-35\/\" data-orig-file=\"https:\/\/eldiariodesanpedro.com.ar\/sitio\/wp-content\/uploads\/2023\/02\/WhatsApp-Image-2023-02-06-at-13.17.35.jpeg\" data-orig-size=\"630,630\" data-comments-opened=\"0\" data-image-meta=\"{&quot;aperture&quot;:&quot;0&quot;,&quot;credit&quot;:&quot;&quot;,&quot;camera&quot;:&quot;&quot;,&quot;caption&quot;:&quot;&quot;,&quot;created_timestamp&quot;:&quot;0&quot;,&quot;copyright&quot;:&quot;&quot;,&quot;focal_length&quot;:&quot;0&quot;,&quot;iso&quot;:&quot;0&quot;,&quot;shutter_speed&quot;:&quot;0&quot;,&quot;title&quot;:&quot;&quot;,&quot;orientation&quot;:&quot;0&quot;}\" data-image-title=\"WhatsApp Image 2023-02-06 at 13.17.35\" data-image-description=\"\" data-image-caption=\"\" data-large-file=\"https:\/\/eldiariodesanpedro.com.ar\/sitio\/wp-content\/uploads\/2023\/02\/WhatsApp-Image-2023-02-06-at-13.17.35.jpeg\" data-src=\"https:\/\/eldiariodesanpedro.com.ar\/sitio\/wp-content\/uploads\/2023\/02\/WhatsApp-Image-2023-02-06-at-13.17.35.jpeg\" alt=\"\" class=\"wp-image-114772 lazyload\" data-srcset=\"https:\/\/eldiariodesanpedro.com.ar\/sitio\/wp-content\/uploads\/2023\/02\/WhatsApp-Image-2023-02-06-at-13.17.35.jpeg 630w, https:\/\/eldiariodesanpedro.com.ar\/sitio\/wp-content\/uploads\/2023\/02\/WhatsApp-Image-2023-02-06-at-13.17.35-300x300.jpeg 300w, https:\/\/eldiariodesanpedro.com.ar\/sitio\/wp-content\/uploads\/2023\/02\/WhatsApp-Image-2023-02-06-at-13.17.35-150x150.jpeg 150w\" data-sizes=\"(max-width: 630px) 100vw, 630px\" src=\"data:image\/svg+xml;base64,PHN2ZyB3aWR0aD0iMSIgaGVpZ2h0PSIxIiB4bWxucz0iaHR0cDovL3d3dy53My5vcmcvMjAwMC9zdmciPjwvc3ZnPg==\" style=\"--smush-placeholder-width: 630px; --smush-placeholder-aspect-ratio: 630\/630;\" \/><\/figure>\n","protected":false},"excerpt":{"rendered":"<p>La Secretar\u00eda de Salud de la Municipalidad de San Pedro comparte las recomendaciones habituales ante la previsi\u00f3n de sucesivas jornadas con altas temperaturas. Desde el Servicio Meteorol\u00f3gico Nacional se ha emitido una alerta para nuestra regi\u00f3n con m\u00e1ximas de entre 35\u00ba y 42\u00ba para los pr\u00f3ximos d\u00edas. Es muy importante tener en cuenta estas sugerencias: [&hellip;]<\/p>\n","protected":false},"author":4,"featured_media":114773,"comment_status":"closed","ping_status":"closed","sticky":false,"template":"","format":"standard","meta":{"om_disable_all_campaigns":false,"_jetpack_memberships_contains_paid_content":false,"footnotes":""},"categories":[50,101,2],"tags":[197,696,33,19],"class_list":["post-114771","post","type-post","status-publish","format-standard","has-post-thumbnail","hentry","category-destacadas","category-interes-general-locales","category-locales","tag-buenos-aires","tag-interes-general","tag-locales","tag-san-pedro"],"aioseo_notices":[],"gutentor_comment":0,"jetpack_featured_media_url":"https:\/\/eldiariodesanpedro.com.ar\/sitio\/wp-content\/uploads\/2023\/02\/Ola_calor1.jpg","jetpack_shortlink":"https:\/\/wp.me\/p6RhLt-tR9","jetpack_sharing_enabled":true,"_links":{"self":[{"href":"https:\/\/eldiariodesanpedro.com.ar\/sitio\/wp-json\/wp\/v2\/posts\/114771","targetHints":{"allow":["GET"]}}],"collection":[{"href":"https:\/\/eldiariodesanpedro.com.ar\/sitio\/wp-json\/wp\/v2\/posts"}],"about":[{"href":"https:\/\/eldiariodesanpedro.com.ar\/sitio\/wp-json\/wp\/v2\/types\/post"}],"author":[{"embeddable":true,"href":"https:\/\/eldiariodesanpedro.com.ar\/sitio\/wp-json\/wp\/v2\/users\/4"}],"replies":[{"embeddable":true,"href":"https:\/\/eldiariodesanpedro.com.ar\/sitio\/wp-json\/wp\/v2\/comments?post=114771"}],"version-history":[{"count":1,"href":"https:\/\/eldiariodesanpedro.com.ar\/sitio\/wp-json\/wp\/v2\/posts\/114771\/revisions"}],"predecessor-version":[{"id":114774,"href":"https:\/\/eldiariodesanpedro.com.ar\/sitio\/wp-json\/wp\/v2\/posts\/114771\/revisions\/114774"}],"wp:featuredmedia":[{"embeddable":true,"href":"https:\/\/eldiariodesanpedro.com.ar\/sitio\/wp-json\/wp\/v2\/media\/114773"}],"wp:attachment":[{"href":"https:\/\/eldiariodesanpedro.com.ar\/sitio\/wp-json\/wp\/v2\/media?parent=114771"}],"wp:term":[{"taxonomy":"category","embeddable":true,"href":"https:\/\/eldiariodesanpedro.com.ar\/sitio\/wp-json\/wp\/v2\/categories?post=114771"},{"taxonomy":"post_tag","embeddable":true,"href":"https:\/\/eldiariodesanpedro.com.ar\/sitio\/wp-json\/wp\/v2\/tags?post=114771"}],"curies":[{"name":"wp","href":"https:\/\/api.w.org\/{rel}","templated":true}]}}