{"id":114768,"date":"2023-02-06T15:49:09","date_gmt":"2023-02-06T18:49:09","guid":{"rendered":"https:\/\/eldiariodesanpedro.com.ar\/sitio\/?p=114768"},"modified":"2023-02-06T15:49:11","modified_gmt":"2023-02-06T18:49:11","slug":"cementerio-local-vencimiento-de-depositos","status":"publish","type":"post","link":"https:\/\/eldiariodesanpedro.com.ar\/sitio\/cementerio-local-vencimiento-de-depositos\/","title":{"rendered":"Cementerio Local:  Vencimiento de dep\u00f3sitos"},"content":{"rendered":"<!-- VideographyWP Plugin Message: Automatic video embedding prevented by plugin options. -->\n\n<p>MUNICIPALIDAD DE SAN PEDRO<br>AREA OPERATIVA DEL CEMENTERIO LOCAL<br>Sr. Director de Asesor\u00eda Letrada San Pedro, 23 de septiembre de 2022<br>Dr. Ricardo Uguet<br>S\/D<\/p>\n\n\n\n<p>Me dirijo a usted:<br>Con el fin de informarle que ser\u00e1n, depositados en osario los restos de fallecidos, que ya han cumplido dicho vencimiento en dep\u00f3sito, de los siguientes a\u00f1os 2018,2019,2020,2021.<br>Y publicar en edictos los correspondientes al a\u00f1o en curso. Detallo informaci\u00f3n<\/p>\n\n\n\n<p>05\/01\/2022 FORNITO LUIS 35 1 14 DEPOSITO<br>05\/01\/2022 MARIGLIANO NOEMI 35 1 14 DEPOSITO<br>05\/01\/2022 MARIGLIANO EDUARDO 35 1 14 DEPOSITO<br>05\/01\/2022 ROBLE ANGEL 35 2 14 DEPOSITO<br>06\/01\/2022 NU\u00d1EZ LUCIA OTILIA 34 2 24 DEPOSITO<br>11\/01\/2022 MARTINEZ ROBERTO NICOLAS 34 3 9 DEPOSITO<br>13\/01\/2022 BERNARDI DAVID ARGENTINO 34 6 23 DEPOSITO<br>14\/01\/2022 PIQUIONI JUAN BAUTISTA 34 6 18 DEPOSITO<br>27\/01\/2022 LANDETI JULIO CESAR 4 2 6 DEPOSITO<br>31\/01\/2022 SEGURA JUANA FRANCISCA 24 6 1 DEPOSITO<br>04\/02\/2022 CUELHO JORGE LUIS 34 1 23 DEPOSITO<br>04\/02\/2022 COLOM FRANCISCO GERONIMO 34 3 2 DEPOSITO<br>01\/02\/2022 MONZON ANASTASIO 34 3 8 DEPOSITO<br>10\/02\/2022 MAESTRE JORGE MARTIN 30 8 11 DEPOSITO<br>16\/02\/2022 BLAS FRANCISCO JORGE 34 4 5 DEPOSITO<br>10\/02\/2022 GODOY FERNANDO 34 7 12 DEPOSITO<br>22\/02\/2022 OJEDA ELDO 34 6 9 DEPOSITO<br>19\/02\/2022 SIN DATOS 15 2 9 DEPOSITO<br>03\/03\/2022 BENITEZ OSVALDO VICTORIO 34 8 5 DEPOSITO<br>18\/03\/2022 PONCE RAMON 30 4 6 DEPOSITO<br>19\/03\/2022 RAMIREZ FIDEL DIONISIO 34 8 12 DEPOSITO<br>19\/03\/2022 ROMERO RAMON 30 4 6 DEPOSITO<br>20\/03\/2022 LINGORDO MIGUEL 34 6 16 DEPOSITO<br>20\/03\/2022 FERNANDEZ FRANCISCA 34 6 16 DEPOSITO<\/p>\n\n\n\n<p>Saluda Atte.<br>Mario Mart\u00ednez<\/p>\n","protected":false},"excerpt":{"rendered":"<p>MUNICIPALIDAD DE SAN PEDROAREA OPERATIVA DEL CEMENTERIO LOCALSr. Director de Asesor\u00eda Letrada San Pedro, 23 de septiembre de 2022Dr. Ricardo UguetS\/D Me dirijo a usted:Con el fin de informarle que ser\u00e1n, depositados en osario los restos de fallecidos, que ya han cumplido dicho vencimiento en dep\u00f3sito, de los siguientes a\u00f1os 2018,2019,2020,2021.Y publicar en edictos los [&hellip;]<\/p>\n","protected":false},"author":4,"featured_media":114769,"comment_status":"closed","ping_status":"closed","sticky":false,"template":"","format":"standard","meta":{"om_disable_all_campaigns":false,"_jetpack_memberships_contains_paid_content":false,"footnotes":""},"categories":[676,1124],"tags":[197,696,33,19],"class_list":["post-114768","post","type-post","status-publish","format-standard","has-post-thumbnail","hentry","category-edictos","category-edictos-especiales","tag-buenos-aires","tag-interes-general","tag-locales","tag-san-pedro"],"aioseo_notices":[],"gutentor_comment":0,"jetpack_featured_media_url":"https:\/\/eldiariodesanpedro.com.ar\/sitio\/wp-content\/uploads\/2023\/02\/Municipalidad-2023.png","jetpack_shortlink":"https:\/\/wp.me\/p6RhLt-tR6","jetpack_sharing_enabled":true,"_links":{"self":[{"href":"https:\/\/eldiariodesanpedro.com.ar\/sitio\/wp-json\/wp\/v2\/posts\/114768","targetHints":{"allow":["GET"]}}],"collection":[{"href":"https:\/\/eldiariodesanpedro.com.ar\/sitio\/wp-json\/wp\/v2\/posts"}],"about":[{"href":"https:\/\/eldiariodesanpedro.com.ar\/sitio\/wp-json\/wp\/v2\/types\/post"}],"author":[{"embeddable":true,"href":"https:\/\/eldiariodesanpedro.com.ar\/sitio\/wp-json\/wp\/v2\/users\/4"}],"replies":[{"embeddable":true,"href":"https:\/\/eldiariodesanpedro.com.ar\/sitio\/wp-json\/wp\/v2\/comments?post=114768"}],"version-history":[{"count":1,"href":"https:\/\/eldiariodesanpedro.com.ar\/sitio\/wp-json\/wp\/v2\/posts\/114768\/revisions"}],"predecessor-version":[{"id":114770,"href":"https:\/\/eldiariodesanpedro.com.ar\/sitio\/wp-json\/wp\/v2\/posts\/114768\/revisions\/114770"}],"wp:featuredmedia":[{"embeddable":true,"href":"https:\/\/eldiariodesanpedro.com.ar\/sitio\/wp-json\/wp\/v2\/media\/114769"}],"wp:attachment":[{"href":"https:\/\/eldiariodesanpedro.com.ar\/sitio\/wp-json\/wp\/v2\/media?parent=114768"}],"wp:term":[{"taxonomy":"category","embeddable":true,"href":"https:\/\/eldiariodesanpedro.com.ar\/sitio\/wp-json\/wp\/v2\/categories?post=114768"},{"taxonomy":"post_tag","embeddable":true,"href":"https:\/\/eldiariodesanpedro.com.ar\/sitio\/wp-json\/wp\/v2\/tags?post=114768"}],"curies":[{"name":"wp","href":"https:\/\/api.w.org\/{rel}","templated":true}]}}