{"id":114765,"date":"2023-02-06T13:07:00","date_gmt":"2023-02-06T16:07:00","guid":{"rendered":"https:\/\/eldiariodesanpedro.com.ar\/sitio\/?p=114765"},"modified":"2023-02-06T13:07:01","modified_gmt":"2023-02-06T16:07:01","slug":"dos-aprehendidos-por-intentar-robar-una-motocicleta","status":"publish","type":"post","link":"https:\/\/eldiariodesanpedro.com.ar\/sitio\/dos-aprehendidos-por-intentar-robar-una-motocicleta\/","title":{"rendered":"Dos aprehendidos por intentar robar una motocicleta"},"content":{"rendered":"<!-- VideographyWP Plugin Message: Automatic video embedding prevented by plugin options. -->\n\n<p>Este lunes a ra\u00edz de un llamado a 911 emergencias el personal policial tras r\u00e1pido accionar, mont\u00e1ndose operativo cerrojo logr\u00f3 aprehender en fuga de a pie a femenina de 19 a\u00f1os de edad y a masculino de 32 a\u00f1os, quienes momentos antes de calle Bartolom\u00e9 Mitre al 1300, intentan sustraer de v\u00eda publica motocicleta marca Mondial Free color Roja, instante que propietario, masculino de 35 a\u00f1os de edad, se percata de la situaci\u00f3n y da aviso del hecho.<\/p>\n\n\n\n<p>Interviene UFI N\u00b0 11 avala proceder, dispone receptar declaraci\u00f3n testimonial a v\u00edctima, para imputados Not. Art. 60 C.P.P y permanezcan alojados en en dependencia policial remisi\u00f3n sede fiscal primera audiencia.-<\/p>\n","protected":false},"excerpt":{"rendered":"<p>Este lunes a ra\u00edz de un llamado a 911 emergencias el personal policial tras r\u00e1pido accionar, mont\u00e1ndose operativo cerrojo logr\u00f3 aprehender en fuga de a pie a femenina de 19 a\u00f1os de edad y a masculino de 32 a\u00f1os, quienes momentos antes de calle Bartolom\u00e9 Mitre al 1300, intentan sustraer de v\u00eda publica motocicleta marca [&hellip;]<\/p>\n","protected":false},"author":4,"featured_media":114766,"comment_status":"closed","ping_status":"closed","sticky":false,"template":"","format":"standard","meta":{"om_disable_all_campaigns":false,"_jetpack_memberships_contains_paid_content":false,"footnotes":""},"categories":[2,103],"tags":[197,696,33,19],"class_list":["post-114765","post","type-post","status-publish","format-standard","has-post-thumbnail","hentry","category-locales","category-policiales-locales","tag-buenos-aires","tag-interes-general","tag-locales","tag-san-pedro"],"aioseo_notices":[],"gutentor_comment":0,"jetpack_featured_media_url":"https:\/\/eldiariodesanpedro.com.ar\/sitio\/wp-content\/uploads\/2023\/02\/medida.png","jetpack_shortlink":"https:\/\/wp.me\/p6RhLt-tR3","jetpack_sharing_enabled":true,"_links":{"self":[{"href":"https:\/\/eldiariodesanpedro.com.ar\/sitio\/wp-json\/wp\/v2\/posts\/114765","targetHints":{"allow":["GET"]}}],"collection":[{"href":"https:\/\/eldiariodesanpedro.com.ar\/sitio\/wp-json\/wp\/v2\/posts"}],"about":[{"href":"https:\/\/eldiariodesanpedro.com.ar\/sitio\/wp-json\/wp\/v2\/types\/post"}],"author":[{"embeddable":true,"href":"https:\/\/eldiariodesanpedro.com.ar\/sitio\/wp-json\/wp\/v2\/users\/4"}],"replies":[{"embeddable":true,"href":"https:\/\/eldiariodesanpedro.com.ar\/sitio\/wp-json\/wp\/v2\/comments?post=114765"}],"version-history":[{"count":1,"href":"https:\/\/eldiariodesanpedro.com.ar\/sitio\/wp-json\/wp\/v2\/posts\/114765\/revisions"}],"predecessor-version":[{"id":114767,"href":"https:\/\/eldiariodesanpedro.com.ar\/sitio\/wp-json\/wp\/v2\/posts\/114765\/revisions\/114767"}],"wp:featuredmedia":[{"embeddable":true,"href":"https:\/\/eldiariodesanpedro.com.ar\/sitio\/wp-json\/wp\/v2\/media\/114766"}],"wp:attachment":[{"href":"https:\/\/eldiariodesanpedro.com.ar\/sitio\/wp-json\/wp\/v2\/media?parent=114765"}],"wp:term":[{"taxonomy":"category","embeddable":true,"href":"https:\/\/eldiariodesanpedro.com.ar\/sitio\/wp-json\/wp\/v2\/categories?post=114765"},{"taxonomy":"post_tag","embeddable":true,"href":"https:\/\/eldiariodesanpedro.com.ar\/sitio\/wp-json\/wp\/v2\/tags?post=114765"}],"curies":[{"name":"wp","href":"https:\/\/api.w.org\/{rel}","templated":true}]}}