{"id":114761,"date":"2023-02-06T11:33:04","date_gmt":"2023-02-06T14:33:04","guid":{"rendered":"https:\/\/eldiariodesanpedro.com.ar\/sitio\/?p=114761"},"modified":"2023-02-06T11:33:06","modified_gmt":"2023-02-06T14:33:06","slug":"mel-alvarez-es-la-bombero-y-policia-que-estaba-en-la-vereda-disfrutando-su-franco-y-dejo-todo-para-asistir-a-mi-papa","status":"publish","type":"post","link":"https:\/\/eldiariodesanpedro.com.ar\/sitio\/mel-alvarez-es-la-bombero-y-policia-que-estaba-en-la-vereda-disfrutando-su-franco-y-dejo-todo-para-asistir-a-mi-papa\/","title":{"rendered":"\u00abMel Alvarez es la bombero y polic\u00eda que estaba en la vereda, disfrutando su franco, y dej\u00f3 todo para asistir a mi pap\u00e1\u00bb"},"content":{"rendered":"<!-- VideographyWP Plugin Message: Automatic video embedding prevented by plugin options. -->\n\n<p>Melina \u00c1lvarez integra el cuerpo activo de los Bomberos Voluntarios de San Pedro, pero dedica sus d\u00edas a la funci\u00f3n de polic\u00eda en la Comisar\u00eda de nuestra ciudad. La mujer tuvo una atinada intervenci\u00f3n con un hombre que se hab\u00eda descompensado en la v\u00eda p\u00fablica.<\/p>\n\n\n\n<p>Aunque parezca exagerado es cierto que los h\u00e9roes an\u00f3nimos existen y con solo preguntarle a cualquier persona que le haya tocado vivir situaciones extremas r\u00e1pidamente se comprender\u00e1.<\/p>\n\n\n\n<p>Esa tarde del s\u00e1bado 27 de enero, la funcionaria Melisa Alvarez se encontraba cubriendo junto a otros polic\u00edas un accidente de tr\u00e1nsito que se hab\u00eda registrado en la esquina de Salta y Caseros, pero todo cambi\u00f3 cuando de repente les informaron que en la otra esquina un hombre se hab\u00eda descompensado. Testigos en el lugar contaron a&nbsp;<strong>San Pedro Informa<\/strong>&nbsp;que el hombre se hab\u00eda descompuesto en su domicilio y un familiar lo trasladaba en moto mientras su esposa ven\u00eda detr\u00e1s en bicicleta.<\/p>\n\n\n\n<p>El hombre no lleg\u00f3 al nosocomio y todo se precipit\u00f3 de golpe.<\/p>\n\n\n\n<p>Mientras la ambulancia fue hasta el hospital a llevar al herido y as\u00ed regresar de inmediato, los polic\u00edas se dirigieron al otro lugar para asistir al hombre, el querido vecino \u00abCacho\u00bb Baca. All\u00ed entr\u00f3 en escena Melisa \u00c1lvarez quien al ver al vecino descompensado no lo dud\u00f3 y comenz\u00f3 a realizarle ejercicios de RCP logrando mantener su pulso hasta que llegara la ambulancia y as\u00ed trasladarlo a la guardia del hospital.<\/p>\n\n\n\n<p>El cuadro del paciente no era el m\u00e1s alentador, fue internado, la pele\u00f3 algunos d\u00edas m\u00e1s pero su familia se qued\u00f3 con la sensaci\u00f3n de que gracias a la intervenci\u00f3n de la Polic\u00eda\/Bombero la luz no se apag\u00f3 de repente.<\/p>\n\n\n\n<p>La familia del hombre fallecido hizo p\u00fablico el agradecimiento a \u00c1lvarez se\u00f1alando:<\/p>\n\n\n\n<p><em>\u00abQuiero que conozcan a una persona excepcional y de gran VOCACI\u00d3N. Mel Alvarez es la bombero y polic\u00eda que estaba en la vereda, disfrutando su franco, y dej\u00f3 todo para asistir a mi pap\u00e1. Nuestra familia te agradece eternamente, querida Mel, porque gracias a que estuviste ah\u00ed, mi pap\u00e1 lleg\u00f3 con vida al hospital y nos pudimos despedir. GRACIAS INFINITAS &#x2764;&#xfe0f; Necesitamos m\u00e1s personas como vos &#x2764;&#xfe0f;.<\/em><\/p>\n\n\n\n<p><em>Luciana Baca y familia\u00bb<\/em><\/p>\n\n\n\n<p>Fuente: San Pedro Informa<\/p>\n\n\n\n<figure class=\"wp-block-image size-full\"><img decoding=\"async\" width=\"924\" height=\"507\" data-attachment-id=\"114763\" data-permalink=\"https:\/\/eldiariodesanpedro.com.ar\/sitio\/mel-alvarez-es-la-bombero-y-policia-que-estaba-en-la-vereda-disfrutando-su-franco-y-dejo-todo-para-asistir-a-mi-papa\/descarga-109\/\" data-orig-file=\"https:\/\/eldiariodesanpedro.com.ar\/sitio\/wp-content\/uploads\/2023\/02\/descarga.jpg\" data-orig-size=\"924,507\" data-comments-opened=\"0\" data-image-meta=\"{&quot;aperture&quot;:&quot;0&quot;,&quot;credit&quot;:&quot;&quot;,&quot;camera&quot;:&quot;&quot;,&quot;caption&quot;:&quot;&quot;,&quot;created_timestamp&quot;:&quot;0&quot;,&quot;copyright&quot;:&quot;&quot;,&quot;focal_length&quot;:&quot;0&quot;,&quot;iso&quot;:&quot;0&quot;,&quot;shutter_speed&quot;:&quot;0&quot;,&quot;title&quot;:&quot;&quot;,&quot;orientation&quot;:&quot;0&quot;}\" data-image-title=\"descarga\" data-image-description=\"\" data-image-caption=\"\" data-large-file=\"https:\/\/eldiariodesanpedro.com.ar\/sitio\/wp-content\/uploads\/2023\/02\/descarga.jpg\" data-src=\"https:\/\/eldiariodesanpedro.com.ar\/sitio\/wp-content\/uploads\/2023\/02\/descarga.jpg\" alt=\"\" class=\"wp-image-114763 lazyload\" data-srcset=\"https:\/\/eldiariodesanpedro.com.ar\/sitio\/wp-content\/uploads\/2023\/02\/descarga.jpg 924w, https:\/\/eldiariodesanpedro.com.ar\/sitio\/wp-content\/uploads\/2023\/02\/descarga-300x165.jpg 300w, https:\/\/eldiariodesanpedro.com.ar\/sitio\/wp-content\/uploads\/2023\/02\/descarga-768x421.jpg 768w\" data-sizes=\"(max-width: 924px) 100vw, 924px\" src=\"data:image\/svg+xml;base64,PHN2ZyB3aWR0aD0iMSIgaGVpZ2h0PSIxIiB4bWxucz0iaHR0cDovL3d3dy53My5vcmcvMjAwMC9zdmciPjwvc3ZnPg==\" style=\"--smush-placeholder-width: 924px; --smush-placeholder-aspect-ratio: 924\/507;\" \/><\/figure>\n","protected":false},"excerpt":{"rendered":"<p>Melina \u00c1lvarez integra el cuerpo activo de los Bomberos Voluntarios de San Pedro, pero dedica sus d\u00edas a la funci\u00f3n de polic\u00eda en la Comisar\u00eda de nuestra ciudad. La mujer tuvo una atinada intervenci\u00f3n con un hombre que se hab\u00eda descompensado en la v\u00eda p\u00fablica. Aunque parezca exagerado es cierto que los h\u00e9roes an\u00f3nimos existen [&hellip;]<\/p>\n","protected":false},"author":4,"featured_media":114762,"comment_status":"closed","ping_status":"closed","sticky":false,"template":"","format":"standard","meta":{"om_disable_all_campaigns":false,"_jetpack_memberships_contains_paid_content":false,"footnotes":""},"categories":[50,101,2],"tags":[197,696,33,19],"class_list":["post-114761","post","type-post","status-publish","format-standard","has-post-thumbnail","hentry","category-destacadas","category-interes-general-locales","category-locales","tag-buenos-aires","tag-interes-general","tag-locales","tag-san-pedro"],"aioseo_notices":[],"gutentor_comment":0,"jetpack_featured_media_url":"https:\/\/eldiariodesanpedro.com.ar\/sitio\/wp-content\/uploads\/2023\/02\/0000021612-resized-1920x1080-1.jpg","jetpack_shortlink":"https:\/\/wp.me\/p6RhLt-tQZ","jetpack_sharing_enabled":true,"_links":{"self":[{"href":"https:\/\/eldiariodesanpedro.com.ar\/sitio\/wp-json\/wp\/v2\/posts\/114761","targetHints":{"allow":["GET"]}}],"collection":[{"href":"https:\/\/eldiariodesanpedro.com.ar\/sitio\/wp-json\/wp\/v2\/posts"}],"about":[{"href":"https:\/\/eldiariodesanpedro.com.ar\/sitio\/wp-json\/wp\/v2\/types\/post"}],"author":[{"embeddable":true,"href":"https:\/\/eldiariodesanpedro.com.ar\/sitio\/wp-json\/wp\/v2\/users\/4"}],"replies":[{"embeddable":true,"href":"https:\/\/eldiariodesanpedro.com.ar\/sitio\/wp-json\/wp\/v2\/comments?post=114761"}],"version-history":[{"count":1,"href":"https:\/\/eldiariodesanpedro.com.ar\/sitio\/wp-json\/wp\/v2\/posts\/114761\/revisions"}],"predecessor-version":[{"id":114764,"href":"https:\/\/eldiariodesanpedro.com.ar\/sitio\/wp-json\/wp\/v2\/posts\/114761\/revisions\/114764"}],"wp:featuredmedia":[{"embeddable":true,"href":"https:\/\/eldiariodesanpedro.com.ar\/sitio\/wp-json\/wp\/v2\/media\/114762"}],"wp:attachment":[{"href":"https:\/\/eldiariodesanpedro.com.ar\/sitio\/wp-json\/wp\/v2\/media?parent=114761"}],"wp:term":[{"taxonomy":"category","embeddable":true,"href":"https:\/\/eldiariodesanpedro.com.ar\/sitio\/wp-json\/wp\/v2\/categories?post=114761"},{"taxonomy":"post_tag","embeddable":true,"href":"https:\/\/eldiariodesanpedro.com.ar\/sitio\/wp-json\/wp\/v2\/tags?post=114761"}],"curies":[{"name":"wp","href":"https:\/\/api.w.org\/{rel}","templated":true}]}}