{"id":114758,"date":"2023-02-06T11:22:26","date_gmt":"2023-02-06T14:22:26","guid":{"rendered":"https:\/\/eldiariodesanpedro.com.ar\/sitio\/?p=114758"},"modified":"2023-02-06T11:22:28","modified_gmt":"2023-02-06T14:22:28","slug":"las-vacunas-bivalentes-se-suman-al-plan-de-vacunacion-contra-el-covid","status":"publish","type":"post","link":"https:\/\/eldiariodesanpedro.com.ar\/sitio\/las-vacunas-bivalentes-se-suman-al-plan-de-vacunacion-contra-el-covid\/","title":{"rendered":"Las vacunas bivalentes se suman al plan de vacunaci\u00f3n contra el Covid"},"content":{"rendered":"<!-- VideographyWP Plugin Message: Automatic video embedding prevented by plugin options. -->\n\n<p>El Secretario de Salud Dr. Pablo Pichioni y la Coordinadora de Vacunaci\u00f3n Dra. Silvana Morales recibieron estas dosis y participaron de reuniones vinculadas con el seguimiento del tema.<\/p>\n\n\n\n<p>La Secretar\u00eda de Salud de la Municipalidad de San Pedro informa que se han recibido a trav\u00e9s de Regi\u00f3n Sanitaria IV dosis de la nueva vacuna bivalente que se ha comenzado a aplicar como prevenci\u00f3n del Covid-19. El Secretario de Salud Dr. Pablo Pichioni y la Coordinadora de Vacunaci\u00f3n Dra. Silvana Morales recibieron estas dosis y participaron de reuniones vinculadas con el seguimiento del tema.<\/p>\n\n\n\n<p>Las dosis bivalentes se sumar\u00e1n a los esquemas a trav\u00e9s de los cuales se vienen elaborando desde el \u00e1rea en paralelo con la aplicaci\u00f3n de las que est\u00e1n siendo utilizadas en los centros de salud y hospitales de las localidades.<\/p>\n\n\n\n<p>Desde la Coordinaci\u00f3n de Vacunaci\u00f3n de la Secretar\u00eda se ha participado adem\u00e1s en las Escuelas en Verano realizando controles y vacunaci\u00f3n en los concurrentes y se planifican nuevas acciones en colonias tanto en la ciudad como en las localidades.<\/p>\n\n\n\n<p>Durante febrero el cronograma de vacunaci\u00f3n comprende los Centros de Salud Arco Iris y Mateo Sbert. En localidades y otros CAPS se diagramar\u00e1 seg\u00fan la demanda por ser multidosis.<\/p>\n\n\n\n<p>Adem\u00e1s, contin\u00faa en el Hospital Emilio Ruffa la vacunaci\u00f3n constante al personal de salud hasta cubrir a todos los que cumplen funciones en las diferentes \u00e1reas de nuestro distrito.<\/p>\n\n\n\n<p>Fuente: San Pedro Informa<\/p>\n","protected":false},"excerpt":{"rendered":"<p>El Secretario de Salud Dr. Pablo Pichioni y la Coordinadora de Vacunaci\u00f3n Dra. Silvana Morales recibieron estas dosis y participaron de reuniones vinculadas con el seguimiento del tema. La Secretar\u00eda de Salud de la Municipalidad de San Pedro informa que se han recibido a trav\u00e9s de Regi\u00f3n Sanitaria IV dosis de la nueva vacuna bivalente [&hellip;]<\/p>\n","protected":false},"author":4,"featured_media":114759,"comment_status":"closed","ping_status":"closed","sticky":false,"template":"","format":"standard","meta":{"om_disable_all_campaigns":false,"_jetpack_memberships_contains_paid_content":false,"footnotes":""},"categories":[101,2],"tags":[197,696,33,19],"class_list":["post-114758","post","type-post","status-publish","format-standard","has-post-thumbnail","hentry","category-interes-general-locales","category-locales","tag-buenos-aires","tag-interes-general","tag-locales","tag-san-pedro"],"aioseo_notices":[],"gutentor_comment":0,"jetpack_featured_media_url":"https:\/\/eldiariodesanpedro.com.ar\/sitio\/wp-content\/uploads\/2023\/02\/0000021611-resized-1920x1080-1.jpg","jetpack_shortlink":"https:\/\/wp.me\/p6RhLt-tQW","jetpack_sharing_enabled":true,"_links":{"self":[{"href":"https:\/\/eldiariodesanpedro.com.ar\/sitio\/wp-json\/wp\/v2\/posts\/114758","targetHints":{"allow":["GET"]}}],"collection":[{"href":"https:\/\/eldiariodesanpedro.com.ar\/sitio\/wp-json\/wp\/v2\/posts"}],"about":[{"href":"https:\/\/eldiariodesanpedro.com.ar\/sitio\/wp-json\/wp\/v2\/types\/post"}],"author":[{"embeddable":true,"href":"https:\/\/eldiariodesanpedro.com.ar\/sitio\/wp-json\/wp\/v2\/users\/4"}],"replies":[{"embeddable":true,"href":"https:\/\/eldiariodesanpedro.com.ar\/sitio\/wp-json\/wp\/v2\/comments?post=114758"}],"version-history":[{"count":1,"href":"https:\/\/eldiariodesanpedro.com.ar\/sitio\/wp-json\/wp\/v2\/posts\/114758\/revisions"}],"predecessor-version":[{"id":114760,"href":"https:\/\/eldiariodesanpedro.com.ar\/sitio\/wp-json\/wp\/v2\/posts\/114758\/revisions\/114760"}],"wp:featuredmedia":[{"embeddable":true,"href":"https:\/\/eldiariodesanpedro.com.ar\/sitio\/wp-json\/wp\/v2\/media\/114759"}],"wp:attachment":[{"href":"https:\/\/eldiariodesanpedro.com.ar\/sitio\/wp-json\/wp\/v2\/media?parent=114758"}],"wp:term":[{"taxonomy":"category","embeddable":true,"href":"https:\/\/eldiariodesanpedro.com.ar\/sitio\/wp-json\/wp\/v2\/categories?post=114758"},{"taxonomy":"post_tag","embeddable":true,"href":"https:\/\/eldiariodesanpedro.com.ar\/sitio\/wp-json\/wp\/v2\/tags?post=114758"}],"curies":[{"name":"wp","href":"https:\/\/api.w.org\/{rel}","templated":true}]}}