{"id":114755,"date":"2023-02-06T11:13:36","date_gmt":"2023-02-06T14:13:36","guid":{"rendered":"https:\/\/eldiariodesanpedro.com.ar\/sitio\/?p=114755"},"modified":"2023-02-06T11:13:37","modified_gmt":"2023-02-06T14:13:37","slug":"a-todos-los-que-contuvieron-a-mis-hijo-les-debo-la-vida-entera","status":"publish","type":"post","link":"https:\/\/eldiariodesanpedro.com.ar\/sitio\/a-todos-los-que-contuvieron-a-mis-hijo-les-debo-la-vida-entera\/","title":{"rendered":"\u00abA todos los que contuvieron a mis hijo les debo la vida entera\u00bb"},"content":{"rendered":"<!-- VideographyWP Plugin Message: Automatic video embedding prevented by plugin options. -->\n\n<p>Vanesa Grignafini es la mam\u00e1 de los tres ni\u00f1os que en febrero de 2019 tuvieron un accidente de tr\u00e1nsito en el ingreso a la ciudad. Su pap\u00e1 falleci\u00f3 en el acto y los chico presentaron lesiones de variada gravedad. La mujer recuerda lo sucedido y reitera el agradecimiento a todos los que asistieron a sus hijos.<\/p>\n\n\n\n<p>No siempre situaciones como las vividas generan reacciones poco habituales aunque suene extra\u00f1o.<\/p>\n\n\n\n<p>Es el caso de Vanesa Grignafini, la mam\u00e1 de tres ni\u00f1os que el 2 de febrero de 2019 protagonizaron un tr\u00e1gico accidente de tr\u00e1nsito en el que adem\u00e1s falleci\u00f3 su ex pareja y padre de los menores.<\/p>\n\n\n\n<p>Lo terrible del incidente se tradujo en el sentimiento de una mam\u00e1 que no deja de agradecer todo lo que los auxilios de esa noche hicieron para salvarle la vida a los ni\u00f1os y el acompa\u00f1amiento que recibi\u00f3 durante los d\u00edas posteriores.<\/p>\n\n\n\n<p>Esa medianoche, Eduardo, que en ese momento ten\u00eda 11 a\u00f1os, Victoria de 9 y Lucas de 7, viajaban con su pap\u00e1 Jos\u00e9 Mar\u00eda Conesa de 34 a\u00f1os, a bordo de un auto Gol Country rojo, y por cuestiones que se desconocen se sali\u00f3 de la calzada e impact\u00f3 contra una columna de hormig\u00f3n que encontraba justo en la Curva de la Muerte.<\/p>\n\n\n\n<p>El hombre muri\u00f3 en el acto y los ni\u00f1os salvaron sus vidas de milagro.<\/p>\n\n\n\n<p>\u00abYo estaba embarazada en ese momento, Yo vivo en el campo y hacia una semana que llov\u00eda, as\u00ed que con mi marido actual en tractor pude salir, vino un amigo bombero, Rafa Pereyra, y qui\u00e9nes eran los patrones del pap\u00e1 de los chicos me vinieron a buscar, Carlos y Margarita Calvet, y me llevaron para San Pedro\u00bb, cont\u00f3 Vanesa en el aire de FM G\u00e9nesis.<\/p>\n\n\n\n<p>\u00abEduardo ten\u00eda 11, Victoria 9 y Lucas 3, y fue la nena quien peor la pas\u00f3 porque ten\u00eda un edema pulmonar y fractura de v\u00e9rtebra.<\/p>\n\n\n\n<p>Hoy est\u00e1n bien, Victoria fue operada en el hospital Garraham de la columna, tuvo tres intervenciones m\u00e1s por una infecci\u00f3n pero se pudo reponer, y ahora solo queda poder retirar la pr\u00f3tesis\u00bb.<\/p>\n\n\n\n<p>\u00abEn el caso nuestro no fue solamente el trabajo para auxiliar a los chicos sino todo lo que sucedi\u00f3 despu\u00e9s y demuestra la calidad de personas que son, por eso a\u00fan guardo varios de los n\u00fameros de tel\u00e9fonos de los bomberos y de otras personas que tambi\u00e9n trabajaron esos d\u00edas, llegaron a hacer cosas que administrativamente ya no les correspond\u00eda\u00bb, destac\u00f3 emocionada.<\/p>\n\n\n\n<p>\u00abSinceramente yo les debo la vida entera, no les voy a dejar de agradecer nunca, ni a ellos ni a este medio que siempre estuvo para poder darnos una mano, hablar, hacer una nota y transmitir todo lo que pasaba. La contenci\u00f3n que tuvimos de todos fue extraordinaria y eso queda siempre en el coraz\u00f3n\u00bb.<\/p>\n\n\n\n<p>\u00abEsa noche ni bien se produce el accidente Victoria y Lucas salieron por su propios medios desde el interior del auto mientras que Eduardo permaneci\u00f3 adentro con su pap\u00e1 fallecido. Los chicos salieron como pudieron y comenzaron a caminar en contramano, en busca de auxilio y ah\u00ed fue donde los encontr\u00f3 Ariel Serrano que ven\u00eda viajando y los asisti\u00f3, los m\u00e9dicos a\u00fan no nos explican c\u00f3mo pudo hacer Viki para salir del auto y caminar en busca de auxilio con las lesiones que ten\u00eda\u00bb record\u00f3 la mujer.<\/p>\n\n\n\n<p>\u00abPasa el tiempo y nos cuesta mucho recuperarnos de esto principalmente a los chicos pero llegan estas fechas y a m\u00ed se me pone la piel de gallina\u00bb.<\/p>\n\n\n\n<p>\u00abLos que estuvieron esa noche trabajando en el lugar s\u00e9 que tambi\u00e9n quedaron muy afectados porque son padres son hijos y uno se pone en la piel del otro y le podr\u00eda haber pasado a cualquiera, por ejemplo Romina Garnelo que es polic\u00eda y estuvo esa noche, pr\u00e1cticamente se tir\u00f3 del m\u00f3vil cuando vio a Lucas y Vicky corriendo por la ruta y recuerdo que me dijo que ya en ese momento no le importaba su trabajo era como estar viendo a sus hijos\u00bb.<\/p>\n\n\n\n<p>\u201cHoy 2 de febrero se cumplen 4 a\u00f1os del accidente que tuvieron mis hijos junto a su pap\u00e1 en ruta 191 ( curva de la muerte). Quer\u00eda agradecer a todos los que estuvieron presente esa noche. A Bomberos Voluntarios de San Pedro, a Andrea Chac\u00f3n , Nicol\u00e1s Cava, Roberto Dornel, Gabriela Novella , su hijo y esposo. Agradecer al hospital de San Pedro. Gracias por acompa\u00f1arlos, contenerlos y abrazarlos esa noche\u201d, escribi\u00f3 Vanesa Grignafini cerrando con un \u00abgracias, gracias, gracias\u00bb.<\/p>\n\n\n\n<p>Fuente: San Pedro Informa<\/p>\n","protected":false},"excerpt":{"rendered":"<p>Vanesa Grignafini es la mam\u00e1 de los tres ni\u00f1os que en febrero de 2019 tuvieron un accidente de tr\u00e1nsito en el ingreso a la ciudad. Su pap\u00e1 falleci\u00f3 en el acto y los chico presentaron lesiones de variada gravedad. La mujer recuerda lo sucedido y reitera el agradecimiento a todos los que asistieron a sus [&hellip;]<\/p>\n","protected":false},"author":4,"featured_media":114756,"comment_status":"closed","ping_status":"closed","sticky":false,"template":"","format":"standard","meta":{"om_disable_all_campaigns":false,"_jetpack_memberships_contains_paid_content":false,"footnotes":""},"categories":[50,101,2],"tags":[197,696,33,19],"class_list":["post-114755","post","type-post","status-publish","format-standard","has-post-thumbnail","hentry","category-destacadas","category-interes-general-locales","category-locales","tag-buenos-aires","tag-interes-general","tag-locales","tag-san-pedro"],"aioseo_notices":[],"gutentor_comment":0,"jetpack_featured_media_url":"https:\/\/eldiariodesanpedro.com.ar\/sitio\/wp-content\/uploads\/2023\/02\/0000021607-resized-1920x1080-1.jpg","jetpack_shortlink":"https:\/\/wp.me\/p6RhLt-tQT","jetpack_sharing_enabled":true,"_links":{"self":[{"href":"https:\/\/eldiariodesanpedro.com.ar\/sitio\/wp-json\/wp\/v2\/posts\/114755","targetHints":{"allow":["GET"]}}],"collection":[{"href":"https:\/\/eldiariodesanpedro.com.ar\/sitio\/wp-json\/wp\/v2\/posts"}],"about":[{"href":"https:\/\/eldiariodesanpedro.com.ar\/sitio\/wp-json\/wp\/v2\/types\/post"}],"author":[{"embeddable":true,"href":"https:\/\/eldiariodesanpedro.com.ar\/sitio\/wp-json\/wp\/v2\/users\/4"}],"replies":[{"embeddable":true,"href":"https:\/\/eldiariodesanpedro.com.ar\/sitio\/wp-json\/wp\/v2\/comments?post=114755"}],"version-history":[{"count":1,"href":"https:\/\/eldiariodesanpedro.com.ar\/sitio\/wp-json\/wp\/v2\/posts\/114755\/revisions"}],"predecessor-version":[{"id":114757,"href":"https:\/\/eldiariodesanpedro.com.ar\/sitio\/wp-json\/wp\/v2\/posts\/114755\/revisions\/114757"}],"wp:featuredmedia":[{"embeddable":true,"href":"https:\/\/eldiariodesanpedro.com.ar\/sitio\/wp-json\/wp\/v2\/media\/114756"}],"wp:attachment":[{"href":"https:\/\/eldiariodesanpedro.com.ar\/sitio\/wp-json\/wp\/v2\/media?parent=114755"}],"wp:term":[{"taxonomy":"category","embeddable":true,"href":"https:\/\/eldiariodesanpedro.com.ar\/sitio\/wp-json\/wp\/v2\/categories?post=114755"},{"taxonomy":"post_tag","embeddable":true,"href":"https:\/\/eldiariodesanpedro.com.ar\/sitio\/wp-json\/wp\/v2\/tags?post=114755"}],"curies":[{"name":"wp","href":"https:\/\/api.w.org\/{rel}","templated":true}]}}