{"id":114752,"date":"2023-02-06T10:51:29","date_gmt":"2023-02-06T13:51:29","guid":{"rendered":"https:\/\/eldiariodesanpedro.com.ar\/sitio\/?p=114752"},"modified":"2023-02-06T10:51:31","modified_gmt":"2023-02-06T13:51:31","slug":"dr-ganon-la-fiscalia-nunca-le-adjudico-a-dominguez-ser-el-cabecilla-de-la-banda","status":"publish","type":"post","link":"https:\/\/eldiariodesanpedro.com.ar\/sitio\/dr-ganon-la-fiscalia-nunca-le-adjudico-a-dominguez-ser-el-cabecilla-de-la-banda\/","title":{"rendered":"Dr Gan\u00f3n: \u00abLa fiscal\u00eda nunca le adjudic\u00f3 a Dominguez ser el cabecilla de la banda\u00bb"},"content":{"rendered":"<!-- VideographyWP Plugin Message: Automatic video embedding prevented by plugin options. -->\n\n<p>El reconocido abogado asumi\u00f3 la defensa de Gustavo \u00abPescado\u00bb Dominguez quien el pasado jueves se entreg\u00f3 tras permanecer pr\u00f3fugo unos cuatro meses. Asegur\u00f3 que su defendido es inocente.<\/p>\n\n\n\n<p>Sobre el cierre de la semana se entreg\u00f3 en Jun\u00edn el comerciante transportista Gustavo Dominguez, m\u00e1s conocido en la ciudad como el \u00abPescado\u00bb, titular de la empresa Expreso Hada.<\/p>\n\n\n\n<p>El imputado se encontraba pr\u00f3fugo de la justicia desde septiembre pasado cuando la polic\u00eda pretendi\u00f3 detenerlo pero logr\u00f3 evadirlos y desaparecer de los lugares que frecuentaba.<\/p>\n\n\n\n<p>Dom\u00ednguez se encuentra vinculado al accionar de una banda de piratas del asfalto que perpetr\u00f3 varios hechos en la regi\u00f3n.<\/p>\n\n\n\n<p>El caso tambi\u00e9n tiene imputados al hijo del comerciante, el piloto de autos Federico Dom\u00ednguez, qui\u00e9n tambi\u00e9n se entreg\u00f3 pero acompa\u00f1a el proceso en libertad y el ch\u00f3fer de la empresa Juan Carlos Mendizabal quien se hab\u00eda entregado hace algo de dos semanas.<\/p>\n\n\n\n<p>El Dr. Gabriel Gan\u00f3n, ex defensor oficial, asumi\u00f3 el patrocinio de Dom\u00ednguez y habl\u00f3 en exclusiva en el aire de FM Genesis en d\u00f3nde di\u00f3 detalles de la situaci\u00f3n de su cliente.<\/p>\n\n\n\n<p>\u00abDom\u00ednguez es una persona muy conocida en San Pedro, que tiene una trayectoria impecable como comerciante y transportista, pero bueno, tuvo un inconveniente con una carga cuando lo contrataron para llevar. Lo contrat\u00f3 una gente como mucho poder, con dinero e influencias en Buenos Aires y termin\u00f3 enredado en todo este problema adem\u00e1s de haber estado mal asesorado en su momento principalmente despu\u00e9s de presentar una exhimici\u00f3n de prisi\u00f3n\u00bb, dijo el prestigioso abogado.<\/p>\n\n\n\n<p>\u00abDom\u00ednguez fue perjudicado por esas personas, demor\u00f3 en presentarse pero cuando nos vino a ver lo aconsejamos que ten\u00eda que ponerse a derecho y resolver su situaci\u00f3n procesal en forma inmediata\u00bb.<\/p>\n\n\n\n<p>\u00abAs\u00ed que ahora estamos en plena tarea de aclarar la situaci\u00f3n procesal y poner negro sobre blanco algo que involucra a una persona que nunca tuvo un inconveniente de este tipo en toda su trayectoria as\u00ed que qui\u00e9nes tienen que responder por todo esto son quienes lo contrataron\u00bb, asegur\u00f3 el Dr. Gan\u00f3n.<\/p>\n\n\n\n<p>\u00abLas personas que solicitaron el servicio ya lo hab\u00edan hecho en varias oportunidades, hab\u00eda una relaci\u00f3n comercial previa pero a veces en la confianza aparecen este tipo de complicaciones pero mientras se aclara el costo que hay para pagar es muy alto\u00bb.<\/p>\n\n\n\n<p>\u00abLa fiscal\u00eda nunca le adjudic\u00f3 a Dom\u00ednguez ser el cabecilla de la banda sino que fue una interpretaci\u00f3n de algunos comunicadores. Tanto Gustavo Dominguez c\u00f3mo su hijo Federico estuvieron involucrados en este hecho porque un cami\u00f3n de ellos transport\u00f3 una carga que hab\u00eda sido robada y esa carga fue llevada al dep\u00f3sito que ellos tienen en Buenos Aires\u00bb, asegur\u00f3 el abogado defensor<\/p>\n\n\n\n<p>\u00abEn su declaraci\u00f3n Gustavo (Dominguez) manifest\u00f3 que ellos no ten\u00edan nada que ocultar y por eso la carga se descarg\u00f3 adelante de todos y en plena luz del d\u00eda, es decir que si alguna persona sabe que est\u00e1 trabajando con objetivos robados no se va a poner a descargar a la vista de todo el mundo\u00bb.<\/p>\n\n\n\n<p>\u00abLa \u00fanica imputaci\u00f3n que tienen Dom\u00ednguez y su hijo es por un cami\u00f3n robado que transportaba telas, por ese \u00fanico hecho y no tienen nada que ver\u00bb.<\/p>\n\n\n\n<p>En cuanto a todo este tiempo en que Dom\u00ednguez estuvo pr\u00f3fugo de la justicia, el Dr. Gabriel Gan\u00f3n asegur\u00f3 que siempre estuvo en la Argentina y que nunca sali\u00f3 del pa\u00eds como se dec\u00eda, se movi\u00f3 en los domicilios que habitualmente frecuenta, estuvo siempre en el mismo lugar, en realidad conf\u00edo mucho en los profesionales que lo asesoraron mal\u00bb, manifest\u00f3.<\/p>\n\n\n\n<p>\u00abNosotros creemos que el Tribunal de Casaci\u00f3n le va a rechazar ese recurso extraordinario que en su momento se present\u00f3 y que esa orden de detenci\u00f3n que pesaba sobre Gustavo Dominguez quedar\u00e1 firme\u00bb, asegur\u00f3.<\/p>\n\n\n\n<p>\u00abAc\u00e1 Dom\u00ednguez y su empresa son el pato de la boda, son los que quedaron expuestos y los que se beneficiaron con toda esta operaci\u00f3n fueron quienes los contrataron\u00bb.<\/p>\n\n\n\n<p>Fuente: San Pedro Informa<\/p>\n","protected":false},"excerpt":{"rendered":"<p>El reconocido abogado asumi\u00f3 la defensa de Gustavo \u00abPescado\u00bb Dominguez quien el pasado jueves se entreg\u00f3 tras permanecer pr\u00f3fugo unos cuatro meses. Asegur\u00f3 que su defendido es inocente. Sobre el cierre de la semana se entreg\u00f3 en Jun\u00edn el comerciante transportista Gustavo Dominguez, m\u00e1s conocido en la ciudad como el \u00abPescado\u00bb, titular de la empresa [&hellip;]<\/p>\n","protected":false},"author":4,"featured_media":114753,"comment_status":"closed","ping_status":"closed","sticky":false,"template":"","format":"standard","meta":{"om_disable_all_campaigns":false,"_jetpack_memberships_contains_paid_content":false,"footnotes":""},"categories":[50,101,2],"tags":[197,696,33,19],"class_list":["post-114752","post","type-post","status-publish","format-standard","has-post-thumbnail","hentry","category-destacadas","category-interes-general-locales","category-locales","tag-buenos-aires","tag-interes-general","tag-locales","tag-san-pedro"],"aioseo_notices":[],"gutentor_comment":0,"jetpack_featured_media_url":"https:\/\/eldiariodesanpedro.com.ar\/sitio\/wp-content\/uploads\/2023\/02\/0000021606-resized-1920x1080-1.jpg","jetpack_shortlink":"https:\/\/wp.me\/p6RhLt-tQQ","jetpack_sharing_enabled":true,"_links":{"self":[{"href":"https:\/\/eldiariodesanpedro.com.ar\/sitio\/wp-json\/wp\/v2\/posts\/114752","targetHints":{"allow":["GET"]}}],"collection":[{"href":"https:\/\/eldiariodesanpedro.com.ar\/sitio\/wp-json\/wp\/v2\/posts"}],"about":[{"href":"https:\/\/eldiariodesanpedro.com.ar\/sitio\/wp-json\/wp\/v2\/types\/post"}],"author":[{"embeddable":true,"href":"https:\/\/eldiariodesanpedro.com.ar\/sitio\/wp-json\/wp\/v2\/users\/4"}],"replies":[{"embeddable":true,"href":"https:\/\/eldiariodesanpedro.com.ar\/sitio\/wp-json\/wp\/v2\/comments?post=114752"}],"version-history":[{"count":1,"href":"https:\/\/eldiariodesanpedro.com.ar\/sitio\/wp-json\/wp\/v2\/posts\/114752\/revisions"}],"predecessor-version":[{"id":114754,"href":"https:\/\/eldiariodesanpedro.com.ar\/sitio\/wp-json\/wp\/v2\/posts\/114752\/revisions\/114754"}],"wp:featuredmedia":[{"embeddable":true,"href":"https:\/\/eldiariodesanpedro.com.ar\/sitio\/wp-json\/wp\/v2\/media\/114753"}],"wp:attachment":[{"href":"https:\/\/eldiariodesanpedro.com.ar\/sitio\/wp-json\/wp\/v2\/media?parent=114752"}],"wp:term":[{"taxonomy":"category","embeddable":true,"href":"https:\/\/eldiariodesanpedro.com.ar\/sitio\/wp-json\/wp\/v2\/categories?post=114752"},{"taxonomy":"post_tag","embeddable":true,"href":"https:\/\/eldiariodesanpedro.com.ar\/sitio\/wp-json\/wp\/v2\/tags?post=114752"}],"curies":[{"name":"wp","href":"https:\/\/api.w.org\/{rel}","templated":true}]}}