{"id":114749,"date":"2023-02-06T10:47:24","date_gmt":"2023-02-06T13:47:24","guid":{"rendered":"https:\/\/eldiariodesanpedro.com.ar\/sitio\/?p=114749"},"modified":"2023-02-06T10:47:27","modified_gmt":"2023-02-06T13:47:27","slug":"jueves-y-viernes-la-direccion-de-rentas-brinda-atencion-en-santa-lucia","status":"publish","type":"post","link":"https:\/\/eldiariodesanpedro.com.ar\/sitio\/jueves-y-viernes-la-direccion-de-rentas-brinda-atencion-en-santa-lucia\/","title":{"rendered":"Jueves y viernes la Direcci\u00f3n de Rentas brinda atenci\u00f3n en Santa Luc\u00eda"},"content":{"rendered":"<!-- VideographyWP Plugin Message: Automatic video embedding prevented by plugin options. -->\n\n<p>Este jueves 9 de febrero, representantes de la Direcci\u00f3n de Rentas de la Municipalidad de San Pedro brindar\u00e1n atenci\u00f3n al p\u00fablico en la Delegaci\u00f3n Municipal de Santa Luc\u00eda en el horario de 9.00 a 13.00. La actividad se repetir\u00e1 el d\u00eda viernes 10 de febrero en el mismo horario.<\/p>\n\n\n\n<p>Durante la jornada se podr\u00e1n inscribir al plan de facilidades de pago, se realizar\u00e1 reempadronamientos, informes de deudas, comercio, comunicaci\u00f3n e informes de todos los tr\u00e1mites que se pueden realizar desde la Direcci\u00f3n.<\/p>\n\n\n\n<figure class=\"wp-block-image size-full\"><img decoding=\"async\" width=\"504\" height=\"630\" data-attachment-id=\"114750\" data-permalink=\"https:\/\/eldiariodesanpedro.com.ar\/sitio\/jueves-y-viernes-la-direccion-de-rentas-brinda-atencion-en-santa-lucia\/whatsapp-image-2023-02-06-at-09-37-23\/\" data-orig-file=\"https:\/\/eldiariodesanpedro.com.ar\/sitio\/wp-content\/uploads\/2023\/02\/WhatsApp-Image-2023-02-06-at-09.37.23.jpeg\" data-orig-size=\"504,630\" data-comments-opened=\"0\" data-image-meta=\"{&quot;aperture&quot;:&quot;0&quot;,&quot;credit&quot;:&quot;&quot;,&quot;camera&quot;:&quot;&quot;,&quot;caption&quot;:&quot;&quot;,&quot;created_timestamp&quot;:&quot;0&quot;,&quot;copyright&quot;:&quot;&quot;,&quot;focal_length&quot;:&quot;0&quot;,&quot;iso&quot;:&quot;0&quot;,&quot;shutter_speed&quot;:&quot;0&quot;,&quot;title&quot;:&quot;&quot;,&quot;orientation&quot;:&quot;0&quot;}\" data-image-title=\"WhatsApp Image 2023-02-06 at 09.37.23\" data-image-description=\"\" data-image-caption=\"\" data-large-file=\"https:\/\/eldiariodesanpedro.com.ar\/sitio\/wp-content\/uploads\/2023\/02\/WhatsApp-Image-2023-02-06-at-09.37.23.jpeg\" data-src=\"https:\/\/eldiariodesanpedro.com.ar\/sitio\/wp-content\/uploads\/2023\/02\/WhatsApp-Image-2023-02-06-at-09.37.23.jpeg\" alt=\"\" class=\"wp-image-114750 lazyload\" data-srcset=\"https:\/\/eldiariodesanpedro.com.ar\/sitio\/wp-content\/uploads\/2023\/02\/WhatsApp-Image-2023-02-06-at-09.37.23.jpeg 504w, https:\/\/eldiariodesanpedro.com.ar\/sitio\/wp-content\/uploads\/2023\/02\/WhatsApp-Image-2023-02-06-at-09.37.23-240x300.jpeg 240w\" data-sizes=\"(max-width: 504px) 100vw, 504px\" src=\"data:image\/svg+xml;base64,PHN2ZyB3aWR0aD0iMSIgaGVpZ2h0PSIxIiB4bWxucz0iaHR0cDovL3d3dy53My5vcmcvMjAwMC9zdmciPjwvc3ZnPg==\" style=\"--smush-placeholder-width: 504px; --smush-placeholder-aspect-ratio: 504\/630;\" \/><\/figure>\n","protected":false},"excerpt":{"rendered":"<p>Este jueves 9 de febrero, representantes de la Direcci\u00f3n de Rentas de la Municipalidad de San Pedro brindar\u00e1n atenci\u00f3n al p\u00fablico en la Delegaci\u00f3n Municipal de Santa Luc\u00eda en el horario de 9.00 a 13.00. La actividad se repetir\u00e1 el d\u00eda viernes 10 de febrero en el mismo horario. Durante la jornada se podr\u00e1n inscribir [&hellip;]<\/p>\n","protected":false},"author":4,"featured_media":114631,"comment_status":"closed","ping_status":"closed","sticky":false,"template":"","format":"standard","meta":{"om_disable_all_campaigns":false,"_jetpack_memberships_contains_paid_content":false,"footnotes":""},"categories":[101,2],"tags":[197,696,33,19],"class_list":["post-114749","post","type-post","status-publish","format-standard","has-post-thumbnail","hentry","category-interes-general-locales","category-locales","tag-buenos-aires","tag-interes-general","tag-locales","tag-san-pedro"],"aioseo_notices":[],"gutentor_comment":0,"jetpack_featured_media_url":"https:\/\/eldiariodesanpedro.com.ar\/sitio\/wp-content\/uploads\/2023\/02\/WhatsApp-Image-2023-02-01-at-08.58.36-1.jpeg","jetpack_shortlink":"https:\/\/wp.me\/p6RhLt-tQN","jetpack_sharing_enabled":true,"_links":{"self":[{"href":"https:\/\/eldiariodesanpedro.com.ar\/sitio\/wp-json\/wp\/v2\/posts\/114749","targetHints":{"allow":["GET"]}}],"collection":[{"href":"https:\/\/eldiariodesanpedro.com.ar\/sitio\/wp-json\/wp\/v2\/posts"}],"about":[{"href":"https:\/\/eldiariodesanpedro.com.ar\/sitio\/wp-json\/wp\/v2\/types\/post"}],"author":[{"embeddable":true,"href":"https:\/\/eldiariodesanpedro.com.ar\/sitio\/wp-json\/wp\/v2\/users\/4"}],"replies":[{"embeddable":true,"href":"https:\/\/eldiariodesanpedro.com.ar\/sitio\/wp-json\/wp\/v2\/comments?post=114749"}],"version-history":[{"count":1,"href":"https:\/\/eldiariodesanpedro.com.ar\/sitio\/wp-json\/wp\/v2\/posts\/114749\/revisions"}],"predecessor-version":[{"id":114751,"href":"https:\/\/eldiariodesanpedro.com.ar\/sitio\/wp-json\/wp\/v2\/posts\/114749\/revisions\/114751"}],"wp:featuredmedia":[{"embeddable":true,"href":"https:\/\/eldiariodesanpedro.com.ar\/sitio\/wp-json\/wp\/v2\/media\/114631"}],"wp:attachment":[{"href":"https:\/\/eldiariodesanpedro.com.ar\/sitio\/wp-json\/wp\/v2\/media?parent=114749"}],"wp:term":[{"taxonomy":"category","embeddable":true,"href":"https:\/\/eldiariodesanpedro.com.ar\/sitio\/wp-json\/wp\/v2\/categories?post=114749"},{"taxonomy":"post_tag","embeddable":true,"href":"https:\/\/eldiariodesanpedro.com.ar\/sitio\/wp-json\/wp\/v2\/tags?post=114749"}],"curies":[{"name":"wp","href":"https:\/\/api.w.org\/{rel}","templated":true}]}}