{"id":114736,"date":"2023-02-06T10:35:14","date_gmt":"2023-02-06T13:35:14","guid":{"rendered":"https:\/\/eldiariodesanpedro.com.ar\/sitio\/?p=114736"},"modified":"2023-02-06T10:35:16","modified_gmt":"2023-02-06T13:35:16","slug":"playon-sum-y-veredas-en-la-tosquera-con-un-programa-del-ministerio-de-desarrollo-social","status":"publish","type":"post","link":"https:\/\/eldiariodesanpedro.com.ar\/sitio\/playon-sum-y-veredas-en-la-tosquera-con-un-programa-del-ministerio-de-desarrollo-social\/","title":{"rendered":"Play\u00f3n, SUM y veredas en La Tosquera con un programa del Ministerio de Desarrollo Social"},"content":{"rendered":"<!-- VideographyWP Plugin Message: Automatic video embedding prevented by plugin options. -->\n\n<p>En el barrio La Tosquera, la Secretar\u00eda de Obras Planeamiento y Catastro de la Municipalidad de San Pedro contin\u00faa con las tareas de construcci\u00f3n de un play\u00f3n deportivo para su uso social y recreativo por parte de las familias de la zona.<\/p>\n\n\n\n<p>Adem\u00e1s, se construye un Sal\u00f3n de Usos M\u00faltiples y 2.350 metros de vereda que mejorar\u00e1n las condiciones de las viviendas y los vecinos. Estos trabajos cuentan con financiamiento del Ministerio de Desarrollo Social de la Naci\u00f3n e incluyen a 25 trabajadores que son vecinos del barrio.<\/p>\n\n\n\n<p>Las obras se encuentran comprendidas dentro de la planificaci\u00f3n de la Secretar\u00eda de Integraci\u00f3n Socio Urbana (SISU) a trav\u00e9s de la cual se destinan partidas para la ampliaci\u00f3n de servicios b\u00e1sicos, espacios y equipamiento p\u00fablicos.<\/p>\n\n\n\n<figure class=\"wp-block-image size-large\"><img decoding=\"async\" width=\"1024\" height=\"462\" data-attachment-id=\"114740\" data-permalink=\"https:\/\/eldiariodesanpedro.com.ar\/sitio\/playon-sum-y-veredas-en-la-tosquera-con-un-programa-del-ministerio-de-desarrollo-social\/whatsapp-image-2023-02-06-at-08-31-27\/\" data-orig-file=\"https:\/\/eldiariodesanpedro.com.ar\/sitio\/wp-content\/uploads\/2023\/02\/WhatsApp-Image-2023-02-06-at-08.31.27.jpeg\" data-orig-size=\"1200,541\" data-comments-opened=\"0\" data-image-meta=\"{&quot;aperture&quot;:&quot;0&quot;,&quot;credit&quot;:&quot;&quot;,&quot;camera&quot;:&quot;&quot;,&quot;caption&quot;:&quot;&quot;,&quot;created_timestamp&quot;:&quot;0&quot;,&quot;copyright&quot;:&quot;&quot;,&quot;focal_length&quot;:&quot;0&quot;,&quot;iso&quot;:&quot;0&quot;,&quot;shutter_speed&quot;:&quot;0&quot;,&quot;title&quot;:&quot;&quot;,&quot;orientation&quot;:&quot;0&quot;}\" data-image-title=\"WhatsApp Image 2023-02-06 at 08.31.27\" data-image-description=\"\" data-image-caption=\"\" data-large-file=\"https:\/\/eldiariodesanpedro.com.ar\/sitio\/wp-content\/uploads\/2023\/02\/WhatsApp-Image-2023-02-06-at-08.31.27-1024x462.jpeg\" data-src=\"https:\/\/eldiariodesanpedro.com.ar\/sitio\/wp-content\/uploads\/2023\/02\/WhatsApp-Image-2023-02-06-at-08.31.27-1024x462.jpeg\" alt=\"\" class=\"wp-image-114740 lazyload\" data-srcset=\"https:\/\/eldiariodesanpedro.com.ar\/sitio\/wp-content\/uploads\/2023\/02\/WhatsApp-Image-2023-02-06-at-08.31.27-1024x462.jpeg 1024w, https:\/\/eldiariodesanpedro.com.ar\/sitio\/wp-content\/uploads\/2023\/02\/WhatsApp-Image-2023-02-06-at-08.31.27-300x135.jpeg 300w, https:\/\/eldiariodesanpedro.com.ar\/sitio\/wp-content\/uploads\/2023\/02\/WhatsApp-Image-2023-02-06-at-08.31.27-768x346.jpeg 768w, https:\/\/eldiariodesanpedro.com.ar\/sitio\/wp-content\/uploads\/2023\/02\/WhatsApp-Image-2023-02-06-at-08.31.27.jpeg 1200w\" data-sizes=\"(max-width: 1024px) 100vw, 1024px\" src=\"data:image\/svg+xml;base64,PHN2ZyB3aWR0aD0iMSIgaGVpZ2h0PSIxIiB4bWxucz0iaHR0cDovL3d3dy53My5vcmcvMjAwMC9zdmciPjwvc3ZnPg==\" style=\"--smush-placeholder-width: 1024px; --smush-placeholder-aspect-ratio: 1024\/462;\" \/><\/figure>\n\n\n\n<figure class=\"wp-block-image size-large\"><img decoding=\"async\" width=\"1024\" height=\"462\" data-attachment-id=\"114739\" data-permalink=\"https:\/\/eldiariodesanpedro.com.ar\/sitio\/playon-sum-y-veredas-en-la-tosquera-con-un-programa-del-ministerio-de-desarrollo-social\/whatsapp-image-2023-02-06-at-08-31-27-1\/\" data-orig-file=\"https:\/\/eldiariodesanpedro.com.ar\/sitio\/wp-content\/uploads\/2023\/02\/WhatsApp-Image-2023-02-06-at-08.31.27-1.jpeg\" data-orig-size=\"1200,541\" data-comments-opened=\"0\" data-image-meta=\"{&quot;aperture&quot;:&quot;0&quot;,&quot;credit&quot;:&quot;&quot;,&quot;camera&quot;:&quot;&quot;,&quot;caption&quot;:&quot;&quot;,&quot;created_timestamp&quot;:&quot;0&quot;,&quot;copyright&quot;:&quot;&quot;,&quot;focal_length&quot;:&quot;0&quot;,&quot;iso&quot;:&quot;0&quot;,&quot;shutter_speed&quot;:&quot;0&quot;,&quot;title&quot;:&quot;&quot;,&quot;orientation&quot;:&quot;0&quot;}\" data-image-title=\"WhatsApp Image 2023-02-06 at 08.31.27 (1)\" data-image-description=\"\" data-image-caption=\"\" data-large-file=\"https:\/\/eldiariodesanpedro.com.ar\/sitio\/wp-content\/uploads\/2023\/02\/WhatsApp-Image-2023-02-06-at-08.31.27-1-1024x462.jpeg\" data-src=\"https:\/\/eldiariodesanpedro.com.ar\/sitio\/wp-content\/uploads\/2023\/02\/WhatsApp-Image-2023-02-06-at-08.31.27-1-1024x462.jpeg\" alt=\"\" class=\"wp-image-114739 lazyload\" data-srcset=\"https:\/\/eldiariodesanpedro.com.ar\/sitio\/wp-content\/uploads\/2023\/02\/WhatsApp-Image-2023-02-06-at-08.31.27-1-1024x462.jpeg 1024w, https:\/\/eldiariodesanpedro.com.ar\/sitio\/wp-content\/uploads\/2023\/02\/WhatsApp-Image-2023-02-06-at-08.31.27-1-300x135.jpeg 300w, https:\/\/eldiariodesanpedro.com.ar\/sitio\/wp-content\/uploads\/2023\/02\/WhatsApp-Image-2023-02-06-at-08.31.27-1-768x346.jpeg 768w, https:\/\/eldiariodesanpedro.com.ar\/sitio\/wp-content\/uploads\/2023\/02\/WhatsApp-Image-2023-02-06-at-08.31.27-1.jpeg 1200w\" data-sizes=\"(max-width: 1024px) 100vw, 1024px\" src=\"data:image\/svg+xml;base64,PHN2ZyB3aWR0aD0iMSIgaGVpZ2h0PSIxIiB4bWxucz0iaHR0cDovL3d3dy53My5vcmcvMjAwMC9zdmciPjwvc3ZnPg==\" style=\"--smush-placeholder-width: 1024px; --smush-placeholder-aspect-ratio: 1024\/462;\" \/><\/figure>\n\n\n\n<figure class=\"wp-block-image size-large\"><img decoding=\"async\" width=\"1024\" height=\"462\" data-attachment-id=\"114738\" data-permalink=\"https:\/\/eldiariodesanpedro.com.ar\/sitio\/playon-sum-y-veredas-en-la-tosquera-con-un-programa-del-ministerio-de-desarrollo-social\/whatsapp-image-2023-02-06-at-08-31-26\/\" data-orig-file=\"https:\/\/eldiariodesanpedro.com.ar\/sitio\/wp-content\/uploads\/2023\/02\/WhatsApp-Image-2023-02-06-at-08.31.26.jpeg\" data-orig-size=\"1200,541\" data-comments-opened=\"0\" data-image-meta=\"{&quot;aperture&quot;:&quot;0&quot;,&quot;credit&quot;:&quot;&quot;,&quot;camera&quot;:&quot;&quot;,&quot;caption&quot;:&quot;&quot;,&quot;created_timestamp&quot;:&quot;0&quot;,&quot;copyright&quot;:&quot;&quot;,&quot;focal_length&quot;:&quot;0&quot;,&quot;iso&quot;:&quot;0&quot;,&quot;shutter_speed&quot;:&quot;0&quot;,&quot;title&quot;:&quot;&quot;,&quot;orientation&quot;:&quot;0&quot;}\" data-image-title=\"WhatsApp Image 2023-02-06 at 08.31.26\" data-image-description=\"\" data-image-caption=\"\" data-large-file=\"https:\/\/eldiariodesanpedro.com.ar\/sitio\/wp-content\/uploads\/2023\/02\/WhatsApp-Image-2023-02-06-at-08.31.26-1024x462.jpeg\" data-src=\"https:\/\/eldiariodesanpedro.com.ar\/sitio\/wp-content\/uploads\/2023\/02\/WhatsApp-Image-2023-02-06-at-08.31.26-1024x462.jpeg\" alt=\"\" class=\"wp-image-114738 lazyload\" data-srcset=\"https:\/\/eldiariodesanpedro.com.ar\/sitio\/wp-content\/uploads\/2023\/02\/WhatsApp-Image-2023-02-06-at-08.31.26-1024x462.jpeg 1024w, https:\/\/eldiariodesanpedro.com.ar\/sitio\/wp-content\/uploads\/2023\/02\/WhatsApp-Image-2023-02-06-at-08.31.26-300x135.jpeg 300w, https:\/\/eldiariodesanpedro.com.ar\/sitio\/wp-content\/uploads\/2023\/02\/WhatsApp-Image-2023-02-06-at-08.31.26-768x346.jpeg 768w, https:\/\/eldiariodesanpedro.com.ar\/sitio\/wp-content\/uploads\/2023\/02\/WhatsApp-Image-2023-02-06-at-08.31.26.jpeg 1200w\" data-sizes=\"(max-width: 1024px) 100vw, 1024px\" src=\"data:image\/svg+xml;base64,PHN2ZyB3aWR0aD0iMSIgaGVpZ2h0PSIxIiB4bWxucz0iaHR0cDovL3d3dy53My5vcmcvMjAwMC9zdmciPjwvc3ZnPg==\" style=\"--smush-placeholder-width: 1024px; --smush-placeholder-aspect-ratio: 1024\/462;\" \/><\/figure>\n","protected":false},"excerpt":{"rendered":"<p>En el barrio La Tosquera, la Secretar\u00eda de Obras Planeamiento y Catastro de la Municipalidad de San Pedro contin\u00faa con las tareas de construcci\u00f3n de un play\u00f3n deportivo para su uso social y recreativo por parte de las familias de la zona. Adem\u00e1s, se construye un Sal\u00f3n de Usos M\u00faltiples y 2.350 metros de vereda [&hellip;]<\/p>\n","protected":false},"author":4,"featured_media":114737,"comment_status":"closed","ping_status":"closed","sticky":false,"template":"","format":"standard","meta":{"om_disable_all_campaigns":false,"_jetpack_memberships_contains_paid_content":false,"footnotes":""},"categories":[50,101,2],"tags":[197,696,33,19],"class_list":["post-114736","post","type-post","status-publish","format-standard","has-post-thumbnail","hentry","category-destacadas","category-interes-general-locales","category-locales","tag-buenos-aires","tag-interes-general","tag-locales","tag-san-pedro"],"aioseo_notices":[],"gutentor_comment":0,"jetpack_featured_media_url":"https:\/\/eldiariodesanpedro.com.ar\/sitio\/wp-content\/uploads\/2023\/02\/WhatsApp-Image-2023-02-06-at-08.31.25.jpeg","jetpack_shortlink":"https:\/\/wp.me\/p6RhLt-tQA","jetpack_sharing_enabled":true,"_links":{"self":[{"href":"https:\/\/eldiariodesanpedro.com.ar\/sitio\/wp-json\/wp\/v2\/posts\/114736","targetHints":{"allow":["GET"]}}],"collection":[{"href":"https:\/\/eldiariodesanpedro.com.ar\/sitio\/wp-json\/wp\/v2\/posts"}],"about":[{"href":"https:\/\/eldiariodesanpedro.com.ar\/sitio\/wp-json\/wp\/v2\/types\/post"}],"author":[{"embeddable":true,"href":"https:\/\/eldiariodesanpedro.com.ar\/sitio\/wp-json\/wp\/v2\/users\/4"}],"replies":[{"embeddable":true,"href":"https:\/\/eldiariodesanpedro.com.ar\/sitio\/wp-json\/wp\/v2\/comments?post=114736"}],"version-history":[{"count":1,"href":"https:\/\/eldiariodesanpedro.com.ar\/sitio\/wp-json\/wp\/v2\/posts\/114736\/revisions"}],"predecessor-version":[{"id":114741,"href":"https:\/\/eldiariodesanpedro.com.ar\/sitio\/wp-json\/wp\/v2\/posts\/114736\/revisions\/114741"}],"wp:featuredmedia":[{"embeddable":true,"href":"https:\/\/eldiariodesanpedro.com.ar\/sitio\/wp-json\/wp\/v2\/media\/114737"}],"wp:attachment":[{"href":"https:\/\/eldiariodesanpedro.com.ar\/sitio\/wp-json\/wp\/v2\/media?parent=114736"}],"wp:term":[{"taxonomy":"category","embeddable":true,"href":"https:\/\/eldiariodesanpedro.com.ar\/sitio\/wp-json\/wp\/v2\/categories?post=114736"},{"taxonomy":"post_tag","embeddable":true,"href":"https:\/\/eldiariodesanpedro.com.ar\/sitio\/wp-json\/wp\/v2\/tags?post=114736"}],"curies":[{"name":"wp","href":"https:\/\/api.w.org\/{rel}","templated":true}]}}