{"id":114729,"date":"2023-02-06T10:19:13","date_gmt":"2023-02-06T13:19:13","guid":{"rendered":"https:\/\/eldiariodesanpedro.com.ar\/sitio\/?p=114729"},"modified":"2026-01-24T00:55:21","modified_gmt":"2026-01-24T03:55:21","slug":"fallecio-gonzalez-juan-martin-de-70-anos-de-edad","status":"publish","type":"post","link":"https:\/\/eldiariodesanpedro.com.ar\/sitio\/fallecio-gonzalez-juan-martin-de-70-anos-de-edad\/","title":{"rendered":"Falleci\u00f3 Gonzalez Juan Mart\u00edn de 70 a\u00f1os de edad"},"content":{"rendered":"<!-- VideographyWP Plugin Message: Automatic video embedding prevented by plugin options. -->\n\n<p>Se informa el fallecimiento de Gonzalez Juan Mart\u00edn de 70 a\u00f1os de edad, el sepelio se realizara en la casa velatorio Coopser sala N\u00ba 4.<\/p>\n\n\n\n<p>El sepelio se llevara a cabo desde las 17:30 hs de hoy lunes 06 de Febrero de 2023 y posteriormente sus restos ser\u00e1n inhumados en el Cementerio Campana de Paz.<\/p>\n","protected":false},"excerpt":{"rendered":"<p>Se informa el fallecimiento de Gonzalez Juan Mart\u00edn de 70 a\u00f1os de edad, el sepelio se realizara en la casa velatorio Coopser sala N\u00ba 4. El sepelio se llevara a cabo desde las 17:30 hs de hoy lunes 06 de Febrero de 2023 y posteriormente sus restos ser\u00e1n inhumados en el Cementerio Campana de Paz.<\/p>\n","protected":false},"author":4,"featured_media":113757,"comment_status":"closed","ping_status":"closed","sticky":false,"template":"","format":"standard","meta":{"om_disable_all_campaigns":false,"_jetpack_memberships_contains_paid_content":false,"footnotes":""},"categories":[8424],"tags":[197,696,33,19],"class_list":["post-114729","post","type-post","status-publish","format-standard","has-post-thumbnail","hentry","category-necrologicas","tag-buenos-aires","tag-interes-general","tag-locales","tag-san-pedro"],"aioseo_notices":[],"gutentor_comment":0,"jetpack_featured_media_url":"https:\/\/eldiariodesanpedro.com.ar\/sitio\/wp-content\/uploads\/2023\/01\/necrologicas.jpg","jetpack_shortlink":"https:\/\/wp.me\/p6RhLt-tQt","jetpack_sharing_enabled":true,"_links":{"self":[{"href":"https:\/\/eldiariodesanpedro.com.ar\/sitio\/wp-json\/wp\/v2\/posts\/114729","targetHints":{"allow":["GET"]}}],"collection":[{"href":"https:\/\/eldiariodesanpedro.com.ar\/sitio\/wp-json\/wp\/v2\/posts"}],"about":[{"href":"https:\/\/eldiariodesanpedro.com.ar\/sitio\/wp-json\/wp\/v2\/types\/post"}],"author":[{"embeddable":true,"href":"https:\/\/eldiariodesanpedro.com.ar\/sitio\/wp-json\/wp\/v2\/users\/4"}],"replies":[{"embeddable":true,"href":"https:\/\/eldiariodesanpedro.com.ar\/sitio\/wp-json\/wp\/v2\/comments?post=114729"}],"version-history":[{"count":1,"href":"https:\/\/eldiariodesanpedro.com.ar\/sitio\/wp-json\/wp\/v2\/posts\/114729\/revisions"}],"predecessor-version":[{"id":114730,"href":"https:\/\/eldiariodesanpedro.com.ar\/sitio\/wp-json\/wp\/v2\/posts\/114729\/revisions\/114730"}],"wp:featuredmedia":[{"embeddable":true,"href":"https:\/\/eldiariodesanpedro.com.ar\/sitio\/wp-json\/wp\/v2\/media\/113757"}],"wp:attachment":[{"href":"https:\/\/eldiariodesanpedro.com.ar\/sitio\/wp-json\/wp\/v2\/media?parent=114729"}],"wp:term":[{"taxonomy":"category","embeddable":true,"href":"https:\/\/eldiariodesanpedro.com.ar\/sitio\/wp-json\/wp\/v2\/categories?post=114729"},{"taxonomy":"post_tag","embeddable":true,"href":"https:\/\/eldiariodesanpedro.com.ar\/sitio\/wp-json\/wp\/v2\/tags?post=114729"}],"curies":[{"name":"wp","href":"https:\/\/api.w.org\/{rel}","templated":true}]}}