{"id":114722,"date":"2023-02-03T16:59:06","date_gmt":"2023-02-03T19:59:06","guid":{"rendered":"https:\/\/eldiariodesanpedro.com.ar\/sitio\/?p=114722"},"modified":"2023-02-03T16:59:07","modified_gmt":"2023-02-03T19:59:07","slug":"atencion-de-la-direccion-de-rentas-en-las-localidades-2","status":"publish","type":"post","link":"https:\/\/eldiariodesanpedro.com.ar\/sitio\/atencion-de-la-direccion-de-rentas-en-las-localidades-2\/","title":{"rendered":"Atenci\u00f3n de la Direcci\u00f3n de Rentas en las localidades"},"content":{"rendered":"<!-- VideographyWP Plugin Message: Automatic video embedding prevented by plugin options. -->\n\n<p>Este jueves y viernes se llev\u00f3 a cabo la actividad coordinada por la Direcci\u00f3n de Rentas dependiente de la Secretar\u00eda de Econom\u00eda y Hacienda en R\u00edo Tala. Personal del \u00e1rea brind\u00f3 atenci\u00f3n en la Delegaci\u00f3n Municipal, donde se inform\u00f3 y asesor\u00f3 respecto de todos los tr\u00e1mites que se pueden realizar normalmente en el Palacio Municipal. Adem\u00e1s, los vecinos y vecinas del partido pudieron inscribirse al plan de facilidades de pago que se viene llevando a cabo para regularizar deuda.<\/p>\n\n\n\n<p>El jueves 9 y viernes 10 de febrero se desarrollar\u00e1 una nueva jornada de atenci\u00f3n en la localidad de Santa Luc\u00eda.<\/p>\n","protected":false},"excerpt":{"rendered":"<p>Este jueves y viernes se llev\u00f3 a cabo la actividad coordinada por la Direcci\u00f3n de Rentas dependiente de la Secretar\u00eda de Econom\u00eda y Hacienda en R\u00edo Tala. Personal del \u00e1rea brind\u00f3 atenci\u00f3n en la Delegaci\u00f3n Municipal, donde se inform\u00f3 y asesor\u00f3 respecto de todos los tr\u00e1mites que se pueden realizar normalmente en el Palacio Municipal. [&hellip;]<\/p>\n","protected":false},"author":4,"featured_media":114723,"comment_status":"closed","ping_status":"closed","sticky":false,"template":"","format":"standard","meta":{"om_disable_all_campaigns":false,"_jetpack_memberships_contains_paid_content":false,"footnotes":""},"categories":[50,101,2],"tags":[197,696,33,19],"class_list":["post-114722","post","type-post","status-publish","format-standard","has-post-thumbnail","hentry","category-destacadas","category-interes-general-locales","category-locales","tag-buenos-aires","tag-interes-general","tag-locales","tag-san-pedro"],"aioseo_notices":[],"gutentor_comment":0,"jetpack_featured_media_url":"https:\/\/eldiariodesanpedro.com.ar\/sitio\/wp-content\/uploads\/2023\/02\/WhatsApp-Image-2023-02-03-at-13.06.33.jpeg","jetpack_shortlink":"https:\/\/wp.me\/p6RhLt-tQm","jetpack_sharing_enabled":true,"_links":{"self":[{"href":"https:\/\/eldiariodesanpedro.com.ar\/sitio\/wp-json\/wp\/v2\/posts\/114722","targetHints":{"allow":["GET"]}}],"collection":[{"href":"https:\/\/eldiariodesanpedro.com.ar\/sitio\/wp-json\/wp\/v2\/posts"}],"about":[{"href":"https:\/\/eldiariodesanpedro.com.ar\/sitio\/wp-json\/wp\/v2\/types\/post"}],"author":[{"embeddable":true,"href":"https:\/\/eldiariodesanpedro.com.ar\/sitio\/wp-json\/wp\/v2\/users\/4"}],"replies":[{"embeddable":true,"href":"https:\/\/eldiariodesanpedro.com.ar\/sitio\/wp-json\/wp\/v2\/comments?post=114722"}],"version-history":[{"count":1,"href":"https:\/\/eldiariodesanpedro.com.ar\/sitio\/wp-json\/wp\/v2\/posts\/114722\/revisions"}],"predecessor-version":[{"id":114726,"href":"https:\/\/eldiariodesanpedro.com.ar\/sitio\/wp-json\/wp\/v2\/posts\/114722\/revisions\/114726"}],"wp:featuredmedia":[{"embeddable":true,"href":"https:\/\/eldiariodesanpedro.com.ar\/sitio\/wp-json\/wp\/v2\/media\/114723"}],"wp:attachment":[{"href":"https:\/\/eldiariodesanpedro.com.ar\/sitio\/wp-json\/wp\/v2\/media?parent=114722"}],"wp:term":[{"taxonomy":"category","embeddable":true,"href":"https:\/\/eldiariodesanpedro.com.ar\/sitio\/wp-json\/wp\/v2\/categories?post=114722"},{"taxonomy":"post_tag","embeddable":true,"href":"https:\/\/eldiariodesanpedro.com.ar\/sitio\/wp-json\/wp\/v2\/tags?post=114722"}],"curies":[{"name":"wp","href":"https:\/\/api.w.org\/{rel}","templated":true}]}}