{"id":114701,"date":"2023-02-03T15:53:24","date_gmt":"2023-02-03T18:53:24","guid":{"rendered":"https:\/\/eldiariodesanpedro.com.ar\/sitio\/?p=114701"},"modified":"2023-02-03T15:53:26","modified_gmt":"2023-02-03T18:53:26","slug":"patricia-bullrich-estuvo-presente-en-el-homenaje-de-su-bisabuelo-honorio-pueyrredon","status":"publish","type":"post","link":"https:\/\/eldiariodesanpedro.com.ar\/sitio\/patricia-bullrich-estuvo-presente-en-el-homenaje-de-su-bisabuelo-honorio-pueyrredon\/","title":{"rendered":"Patricia Bullrich estuvo presente en el homenaje de su bisabuelo Honorio Pueyrred\u00f3n"},"content":{"rendered":"<!-- VideographyWP Plugin Message: Automatic video embedding prevented by plugin options. -->\n\n<p>En la jornada de de hoy se hizo presente en nuestra ciudad la futura candidata a Presidente y actual l\u00edder del Partido PRO  a nivel nacional la Dra. Patricia Bullrich quien estuvo en el homenaje a Honorio Pueyrred\u00f3n realizado en la plazoleta Fray Cayetano Rodriguez.<\/p>\n\n\n\n<p>Alrededor de las 10:30 hs la Doctora Patricia Bullrich se hizo presente en nuestra ciudad donde estuvo en el acto organizado por el UCR San Pedro junto al PRO.<\/p>\n\n\n\n<p>Se realizo un acto y el descubrimiento de una placa en homenaje al gran pol\u00edtico Sampedrino Honorio Puyrredon, de quien la ex Ministra de Seguridad Nacional es bisnieta.<\/p>\n\n\n\n<p>Para empezar record\u00f3 la historia del pol\u00edtico el se\u00f1or Juan Almada quien realizo una rese\u00f1a de la vida del homenajeado, luego tom\u00f3 la palabra la Presidenta del PRO San Pedro Mabel Prado y luego la actual concejal Paola Basso.<\/p>\n\n\n\n<p>La palabra principal fue la de la Dra. Patricia Bullrich que conto sobre la historia de su familia y su bisabuelo quien fue una de las personas que le sirvi\u00f3 como ejemplo para su propia carrera pol\u00edtica.<\/p>\n\n\n\n<p>Cerraron el acto con el descubrimiento de la placa en homenaje del Dr. Puyrredon para luego dirigirse a la plaza principal donde tendr\u00eda una Reuni\u00f3n con viveristas de la ciudad.<\/p>\n\n\n\n<iframe data-src=\"https:\/\/www.facebook.com\/plugins\/video.php?height=314&#038;href=https%3A%2F%2Fwww.facebook.com%2Fdiariosp2%2Fvideos%2F668027778440772%2F&#038;show_text=false&#038;width=560&#038;t=0\" width=\"560\" height=\"314\" style=\"border:none;overflow:hidden\" scrolling=\"no\" frameborder=\"0\" allowfullscreen=\"true\" allow=\"autoplay; clipboard-write; encrypted-media; picture-in-picture; web-share\" allowFullScreen=\"true\" src=\"data:image\/svg+xml;base64,PHN2ZyB3aWR0aD0iMSIgaGVpZ2h0PSIxIiB4bWxucz0iaHR0cDovL3d3dy53My5vcmcvMjAwMC9zdmciPjwvc3ZnPg==\" class=\"lazyload\" data-load-mode=\"1\"><\/iframe>\n\n\n\n<iframe data-src=\"https:\/\/www.facebook.com\/plugins\/video.php?height=314&#038;href=https%3A%2F%2Fwww.facebook.com%2Fdiariosp2%2Fvideos%2F919149642451309%2F&#038;show_text=false&#038;width=560&#038;t=0\" width=\"560\" height=\"314\" style=\"border:none;overflow:hidden\" scrolling=\"no\" frameborder=\"0\" allowfullscreen=\"true\" allow=\"autoplay; clipboard-write; encrypted-media; picture-in-picture; web-share\" allowFullScreen=\"true\" src=\"data:image\/svg+xml;base64,PHN2ZyB3aWR0aD0iMSIgaGVpZ2h0PSIxIiB4bWxucz0iaHR0cDovL3d3dy53My5vcmcvMjAwMC9zdmciPjwvc3ZnPg==\" class=\"lazyload\" data-load-mode=\"1\"><\/iframe>\n\n\n\n<iframe data-src=\"https:\/\/www.facebook.com\/plugins\/video.php?height=314&#038;href=https%3A%2F%2Fwww.facebook.com%2Fdiariosp2%2Fvideos%2F1157881581577546%2F&#038;show_text=false&#038;width=560&#038;t=0\" width=\"560\" height=\"314\" style=\"border:none;overflow:hidden\" scrolling=\"no\" frameborder=\"0\" allowfullscreen=\"true\" allow=\"autoplay; clipboard-write; encrypted-media; picture-in-picture; web-share\" allowFullScreen=\"true\" src=\"data:image\/svg+xml;base64,PHN2ZyB3aWR0aD0iMSIgaGVpZ2h0PSIxIiB4bWxucz0iaHR0cDovL3d3dy53My5vcmcvMjAwMC9zdmciPjwvc3ZnPg==\" class=\"lazyload\" data-load-mode=\"1\"><\/iframe>\n","protected":false},"excerpt":{"rendered":"<p>En la jornada de de hoy se hizo presente en nuestra ciudad la futura candidata a Presidente y actual l\u00edder del Partido PRO a nivel nacional la Dra. Patricia Bullrich quien estuvo en el homenaje a Honorio Pueyrred\u00f3n realizado en la plazoleta Fray Cayetano Rodriguez. Alrededor de las 10:30 hs la Doctora Patricia Bullrich se [&hellip;]<\/p>\n","protected":false},"author":4,"featured_media":114702,"comment_status":"closed","ping_status":"closed","sticky":false,"template":"","format":"standard","meta":{"om_disable_all_campaigns":false,"_jetpack_memberships_contains_paid_content":false,"footnotes":""},"categories":[50,101,2],"tags":[197,696,33,3354,19],"class_list":["post-114701","post","type-post","status-publish","format-standard","has-post-thumbnail","hentry","category-destacadas","category-interes-general-locales","category-locales","tag-buenos-aires","tag-interes-general","tag-locales","tag-patricia-bullrich-estuvo-presente-en-el-homenaje-de-su-bisabuelo-honorio-pueyrredon","tag-san-pedro"],"aioseo_notices":[],"gutentor_comment":0,"jetpack_featured_media_url":"https:\/\/eldiariodesanpedro.com.ar\/sitio\/wp-content\/uploads\/2023\/02\/20230203_112911.jpg","jetpack_shortlink":"https:\/\/wp.me\/p6RhLt-tQ1","jetpack_sharing_enabled":true,"_links":{"self":[{"href":"https:\/\/eldiariodesanpedro.com.ar\/sitio\/wp-json\/wp\/v2\/posts\/114701","targetHints":{"allow":["GET"]}}],"collection":[{"href":"https:\/\/eldiariodesanpedro.com.ar\/sitio\/wp-json\/wp\/v2\/posts"}],"about":[{"href":"https:\/\/eldiariodesanpedro.com.ar\/sitio\/wp-json\/wp\/v2\/types\/post"}],"author":[{"embeddable":true,"href":"https:\/\/eldiariodesanpedro.com.ar\/sitio\/wp-json\/wp\/v2\/users\/4"}],"replies":[{"embeddable":true,"href":"https:\/\/eldiariodesanpedro.com.ar\/sitio\/wp-json\/wp\/v2\/comments?post=114701"}],"version-history":[{"count":1,"href":"https:\/\/eldiariodesanpedro.com.ar\/sitio\/wp-json\/wp\/v2\/posts\/114701\/revisions"}],"predecessor-version":[{"id":114703,"href":"https:\/\/eldiariodesanpedro.com.ar\/sitio\/wp-json\/wp\/v2\/posts\/114701\/revisions\/114703"}],"wp:featuredmedia":[{"embeddable":true,"href":"https:\/\/eldiariodesanpedro.com.ar\/sitio\/wp-json\/wp\/v2\/media\/114702"}],"wp:attachment":[{"href":"https:\/\/eldiariodesanpedro.com.ar\/sitio\/wp-json\/wp\/v2\/media?parent=114701"}],"wp:term":[{"taxonomy":"category","embeddable":true,"href":"https:\/\/eldiariodesanpedro.com.ar\/sitio\/wp-json\/wp\/v2\/categories?post=114701"},{"taxonomy":"post_tag","embeddable":true,"href":"https:\/\/eldiariodesanpedro.com.ar\/sitio\/wp-json\/wp\/v2\/tags?post=114701"}],"curies":[{"name":"wp","href":"https:\/\/api.w.org\/{rel}","templated":true}]}}