{"id":114691,"date":"2023-02-03T09:07:28","date_gmt":"2023-02-03T12:07:28","guid":{"rendered":"https:\/\/eldiariodesanpedro.com.ar\/sitio\/?p=114691"},"modified":"2023-02-03T09:07:31","modified_gmt":"2023-02-03T12:07:31","slug":"edicto-de-sucesion-de-zarate-nora-clelia","status":"publish","type":"post","link":"https:\/\/eldiariodesanpedro.com.ar\/sitio\/edicto-de-sucesion-de-zarate-nora-clelia\/","title":{"rendered":"Edicto de Sucesi\u00f3n de Zarate Nora Clelia"},"content":{"rendered":"<!-- VideographyWP Plugin Message: Automatic video embedding prevented by plugin options. -->\n\n<p>El Juzgado de Paz Letrado de Baradero cita y emplaza por 30 d\u00edas a herederos y acreedores de Zarate Nora Clelia S\/ Sucesion Ab-Intestato.- Baradero, 21 de diciembre de 2022.-<\/p>\n\n\n\n<p>PERUSINA ESTEBAN OMAR<br>ABOGADO SECRETARIO<\/p>\n\n\n\n<p>(Publicaci\u00f3n V\u00e1lida por los d\u00edas 03, 04 Y 05 de febrero de 2023)<br><a href=\"https:\/\/notificaciones.scba.gov.ar\/verificarnotificacion.aspx?codNotif=NS9Z734NL8NR\">https:\/\/notificaciones.scba.gov.ar\/verificarnotificacion.aspx?codNotif=NS9Z734NL8NR<\/a>&nbsp;<\/p>\n","protected":false},"excerpt":{"rendered":"<p>El Juzgado de Paz Letrado de Baradero cita y emplaza por 30 d\u00edas a herederos y acreedores de Zarate Nora Clelia S\/ Sucesion Ab-Intestato.- Baradero, 21 de diciembre de 2022.- PERUSINA ESTEBAN OMARABOGADO SECRETARIO (Publicaci\u00f3n V\u00e1lida por los d\u00edas 03, 04 Y 05 de febrero de 2023)https:\/\/notificaciones.scba.gov.ar\/verificarnotificacion.aspx?codNotif=NS9Z734NL8NR&nbsp;<\/p>\n","protected":false},"author":4,"featured_media":102746,"comment_status":"closed","ping_status":"closed","sticky":false,"template":"","format":"standard","meta":{"om_disable_all_campaigns":false,"_jetpack_memberships_contains_paid_content":false,"footnotes":""},"categories":[676,677],"tags":[197,1121,1355,19,1122,3352],"class_list":["post-114691","post","type-post","status-publish","format-standard","has-post-thumbnail","hentry","category-edictos","category-edictos-sucesorios","tag-buenos-aires","tag-edicto","tag-judiciales","tag-san-pedro","tag-sucesion","tag-zarate-nora-clelia"],"aioseo_notices":[],"gutentor_comment":0,"jetpack_featured_media_url":"https:\/\/eldiariodesanpedro.com.ar\/sitio\/wp-content\/uploads\/2022\/01\/EDICTO.jpg","jetpack_shortlink":"https:\/\/wp.me\/p6RhLt-tPR","jetpack_sharing_enabled":true,"_links":{"self":[{"href":"https:\/\/eldiariodesanpedro.com.ar\/sitio\/wp-json\/wp\/v2\/posts\/114691","targetHints":{"allow":["GET"]}}],"collection":[{"href":"https:\/\/eldiariodesanpedro.com.ar\/sitio\/wp-json\/wp\/v2\/posts"}],"about":[{"href":"https:\/\/eldiariodesanpedro.com.ar\/sitio\/wp-json\/wp\/v2\/types\/post"}],"author":[{"embeddable":true,"href":"https:\/\/eldiariodesanpedro.com.ar\/sitio\/wp-json\/wp\/v2\/users\/4"}],"replies":[{"embeddable":true,"href":"https:\/\/eldiariodesanpedro.com.ar\/sitio\/wp-json\/wp\/v2\/comments?post=114691"}],"version-history":[{"count":1,"href":"https:\/\/eldiariodesanpedro.com.ar\/sitio\/wp-json\/wp\/v2\/posts\/114691\/revisions"}],"predecessor-version":[{"id":114692,"href":"https:\/\/eldiariodesanpedro.com.ar\/sitio\/wp-json\/wp\/v2\/posts\/114691\/revisions\/114692"}],"wp:featuredmedia":[{"embeddable":true,"href":"https:\/\/eldiariodesanpedro.com.ar\/sitio\/wp-json\/wp\/v2\/media\/102746"}],"wp:attachment":[{"href":"https:\/\/eldiariodesanpedro.com.ar\/sitio\/wp-json\/wp\/v2\/media?parent=114691"}],"wp:term":[{"taxonomy":"category","embeddable":true,"href":"https:\/\/eldiariodesanpedro.com.ar\/sitio\/wp-json\/wp\/v2\/categories?post=114691"},{"taxonomy":"post_tag","embeddable":true,"href":"https:\/\/eldiariodesanpedro.com.ar\/sitio\/wp-json\/wp\/v2\/tags?post=114691"}],"curies":[{"name":"wp","href":"https:\/\/api.w.org\/{rel}","templated":true}]}}