{"id":114688,"date":"2023-02-03T08:41:35","date_gmt":"2023-02-03T11:41:35","guid":{"rendered":"https:\/\/eldiariodesanpedro.com.ar\/sitio\/?p=114688"},"modified":"2023-02-03T08:41:37","modified_gmt":"2023-02-03T11:41:37","slug":"se-entrego-el-pescado-dominguez-tras-varios-meses-profugo","status":"publish","type":"post","link":"https:\/\/eldiariodesanpedro.com.ar\/sitio\/se-entrego-el-pescado-dominguez-tras-varios-meses-profugo\/","title":{"rendered":"Se entreg\u00f3 el \u00abPescado\u00bb Dominguez tras varios meses pr\u00f3fugo"},"content":{"rendered":"<!-- VideographyWP Plugin Message: Automatic video embedding prevented by plugin options. -->\n\n<p>Estaba pr\u00f3fugo desde hacia varios meses acusado de liderar una banda que protagoniz\u00f3 varios robos en toda la regi\u00f3n.<\/p>\n\n\n\n<p>Acorralado por la justicia y pr\u00e1cticamente sin salida se entreg\u00f3 este jueves el comerciante Gustavo \u00abPescado\u00bb Dominguez, titular de la empresa transportista Expreso Hada.<\/p>\n\n\n\n<p>Seg\u00fan los primeros datos brindados en exclusiva en el aire de FM G\u00e9nesis, la presentaci\u00f3n del acusado se produjo en la ciudad de Chacabuco, jurisdicci\u00f3n donde se perpetr\u00f3 el hecho y d\u00f3nde en su momento tambien se hab\u00eda entregado su hijo Federico, y qued\u00f3 a disposici\u00f3n del Departamento Judicial de Jun\u00edn.<\/p>\n\n\n\n<p>Dom\u00ednguez se encontraba pr\u00f3fugo desde hacia varios meses acusado de ser el l\u00edder de una banda de piratas del asfalto que perpetr\u00f3 varios hechos en toda la regi\u00f3n.<\/p>\n\n\n\n<p>Fuente: San Pedro Informa<\/p>\n","protected":false},"excerpt":{"rendered":"<p>Estaba pr\u00f3fugo desde hacia varios meses acusado de liderar una banda que protagoniz\u00f3 varios robos en toda la regi\u00f3n. Acorralado por la justicia y pr\u00e1cticamente sin salida se entreg\u00f3 este jueves el comerciante Gustavo \u00abPescado\u00bb Dominguez, titular de la empresa transportista Expreso Hada. Seg\u00fan los primeros datos brindados en exclusiva en el aire de FM [&hellip;]<\/p>\n","protected":false},"author":4,"featured_media":114689,"comment_status":"closed","ping_status":"closed","sticky":false,"template":"","format":"standard","meta":{"om_disable_all_campaigns":false,"_jetpack_memberships_contains_paid_content":false,"footnotes":""},"categories":[50,101,2],"tags":[197,696,33,19],"class_list":["post-114688","post","type-post","status-publish","format-standard","has-post-thumbnail","hentry","category-destacadas","category-interes-general-locales","category-locales","tag-buenos-aires","tag-interes-general","tag-locales","tag-san-pedro"],"aioseo_notices":[],"gutentor_comment":0,"jetpack_featured_media_url":"https:\/\/eldiariodesanpedro.com.ar\/sitio\/wp-content\/uploads\/2023\/02\/0000021605-resized-1920x1080-1.jpg","jetpack_shortlink":"https:\/\/wp.me\/p6RhLt-tPO","jetpack_sharing_enabled":true,"_links":{"self":[{"href":"https:\/\/eldiariodesanpedro.com.ar\/sitio\/wp-json\/wp\/v2\/posts\/114688","targetHints":{"allow":["GET"]}}],"collection":[{"href":"https:\/\/eldiariodesanpedro.com.ar\/sitio\/wp-json\/wp\/v2\/posts"}],"about":[{"href":"https:\/\/eldiariodesanpedro.com.ar\/sitio\/wp-json\/wp\/v2\/types\/post"}],"author":[{"embeddable":true,"href":"https:\/\/eldiariodesanpedro.com.ar\/sitio\/wp-json\/wp\/v2\/users\/4"}],"replies":[{"embeddable":true,"href":"https:\/\/eldiariodesanpedro.com.ar\/sitio\/wp-json\/wp\/v2\/comments?post=114688"}],"version-history":[{"count":1,"href":"https:\/\/eldiariodesanpedro.com.ar\/sitio\/wp-json\/wp\/v2\/posts\/114688\/revisions"}],"predecessor-version":[{"id":114690,"href":"https:\/\/eldiariodesanpedro.com.ar\/sitio\/wp-json\/wp\/v2\/posts\/114688\/revisions\/114690"}],"wp:featuredmedia":[{"embeddable":true,"href":"https:\/\/eldiariodesanpedro.com.ar\/sitio\/wp-json\/wp\/v2\/media\/114689"}],"wp:attachment":[{"href":"https:\/\/eldiariodesanpedro.com.ar\/sitio\/wp-json\/wp\/v2\/media?parent=114688"}],"wp:term":[{"taxonomy":"category","embeddable":true,"href":"https:\/\/eldiariodesanpedro.com.ar\/sitio\/wp-json\/wp\/v2\/categories?post=114688"},{"taxonomy":"post_tag","embeddable":true,"href":"https:\/\/eldiariodesanpedro.com.ar\/sitio\/wp-json\/wp\/v2\/tags?post=114688"}],"curies":[{"name":"wp","href":"https:\/\/api.w.org\/{rel}","templated":true}]}}