{"id":114679,"date":"2023-02-02T21:15:27","date_gmt":"2023-02-03T00:15:27","guid":{"rendered":"https:\/\/eldiariodesanpedro.com.ar\/sitio\/?p=114679"},"modified":"2023-02-02T21:15:28","modified_gmt":"2023-02-03T00:15:28","slug":"jornada-de-esterilizacion-en-gobernador-castro","status":"publish","type":"post","link":"https:\/\/eldiariodesanpedro.com.ar\/sitio\/jornada-de-esterilizacion-en-gobernador-castro\/","title":{"rendered":"Jornada de esterilizaci\u00f3n en Gobernador Castro"},"content":{"rendered":"<!-- VideographyWP Plugin Message: Automatic video embedding prevented by plugin options. -->\n\n<p>El Departamento Canino dependiente de la Secretar\u00eda de Salud llev\u00f3 a cabo en el mes de enero una nueva jornada de esterilizaci\u00f3n en la localidad de Gobernador Castro.<\/p>\n\n\n\n<p>Durante la actividad se recibieron caninos y felinos a quienes se les practic\u00f3 la cirug\u00eda de manera gratuita. Desde el \u00e1rea se agradece la participaci\u00f3n de la Delegaci\u00f3n Municipal y de Marcela Pascual, integrante del grupo de proteccionistas que constantemente colaboran con la tarea que se lleva adelante.<\/p>\n\n\n\n<p>Si bien, estas jornadas continuar\u00e1n program\u00e1ndose paulatinamente tanto en la ciudad como en las localidades, se recuerda que las cirug\u00edas de esterilizaci\u00f3n se realizan todas las semanas de manera gratuita en el Departamento Canino ubicado en Salta y 9 de julio previo turno asignado.<\/p>\n\n\n\n<p>Reiteramos que, continuando con la campa\u00f1a de vacunaci\u00f3n y desparasitaci\u00f3n para perros y gatos, el viernes 3 de febrero, entre las 8.30 hs. y las 12.00 hs. se instalar\u00e1 un equipo en la sede de la Comisi\u00f3n de Fomento del barrio Villa Igoillo, ubicada en calle Bonorino. En caso de mal tiempo, se anunciar\u00e1 una nueva fecha para la actividad.<\/p>\n\n\n\n<figure class=\"wp-block-image size-full\"><img decoding=\"async\" width=\"630\" height=\"630\" data-attachment-id=\"114681\" data-permalink=\"https:\/\/eldiariodesanpedro.com.ar\/sitio\/jornada-de-esterilizacion-en-gobernador-castro\/whatsapp-image-2023-02-02-at-13-50-26\/\" data-orig-file=\"https:\/\/eldiariodesanpedro.com.ar\/sitio\/wp-content\/uploads\/2023\/02\/WhatsApp-Image-2023-02-02-at-13.50.26.jpeg\" data-orig-size=\"630,630\" data-comments-opened=\"0\" data-image-meta=\"{&quot;aperture&quot;:&quot;0&quot;,&quot;credit&quot;:&quot;&quot;,&quot;camera&quot;:&quot;&quot;,&quot;caption&quot;:&quot;&quot;,&quot;created_timestamp&quot;:&quot;0&quot;,&quot;copyright&quot;:&quot;&quot;,&quot;focal_length&quot;:&quot;0&quot;,&quot;iso&quot;:&quot;0&quot;,&quot;shutter_speed&quot;:&quot;0&quot;,&quot;title&quot;:&quot;&quot;,&quot;orientation&quot;:&quot;0&quot;}\" data-image-title=\"WhatsApp Image 2023-02-02 at 13.50.26\" data-image-description=\"\" data-image-caption=\"\" data-large-file=\"https:\/\/eldiariodesanpedro.com.ar\/sitio\/wp-content\/uploads\/2023\/02\/WhatsApp-Image-2023-02-02-at-13.50.26.jpeg\" data-src=\"https:\/\/eldiariodesanpedro.com.ar\/sitio\/wp-content\/uploads\/2023\/02\/WhatsApp-Image-2023-02-02-at-13.50.26.jpeg\" alt=\"\" class=\"wp-image-114681 lazyload\" data-srcset=\"https:\/\/eldiariodesanpedro.com.ar\/sitio\/wp-content\/uploads\/2023\/02\/WhatsApp-Image-2023-02-02-at-13.50.26.jpeg 630w, https:\/\/eldiariodesanpedro.com.ar\/sitio\/wp-content\/uploads\/2023\/02\/WhatsApp-Image-2023-02-02-at-13.50.26-300x300.jpeg 300w, https:\/\/eldiariodesanpedro.com.ar\/sitio\/wp-content\/uploads\/2023\/02\/WhatsApp-Image-2023-02-02-at-13.50.26-150x150.jpeg 150w\" data-sizes=\"(max-width: 630px) 100vw, 630px\" src=\"data:image\/svg+xml;base64,PHN2ZyB3aWR0aD0iMSIgaGVpZ2h0PSIxIiB4bWxucz0iaHR0cDovL3d3dy53My5vcmcvMjAwMC9zdmciPjwvc3ZnPg==\" style=\"--smush-placeholder-width: 630px; --smush-placeholder-aspect-ratio: 630\/630;\" \/><\/figure>\n","protected":false},"excerpt":{"rendered":"<p>El Departamento Canino dependiente de la Secretar\u00eda de Salud llev\u00f3 a cabo en el mes de enero una nueva jornada de esterilizaci\u00f3n en la localidad de Gobernador Castro. Durante la actividad se recibieron caninos y felinos a quienes se les practic\u00f3 la cirug\u00eda de manera gratuita. Desde el \u00e1rea se agradece la participaci\u00f3n de la [&hellip;]<\/p>\n","protected":false},"author":4,"featured_media":114680,"comment_status":"closed","ping_status":"closed","sticky":false,"template":"","format":"standard","meta":{"om_disable_all_campaigns":false,"_jetpack_memberships_contains_paid_content":false,"footnotes":""},"categories":[50,101,2],"tags":[197,696,33,19],"class_list":["post-114679","post","type-post","status-publish","format-standard","has-post-thumbnail","hentry","category-destacadas","category-interes-general-locales","category-locales","tag-buenos-aires","tag-interes-general","tag-locales","tag-san-pedro"],"aioseo_notices":[],"gutentor_comment":0,"jetpack_featured_media_url":"https:\/\/eldiariodesanpedro.com.ar\/sitio\/wp-content\/uploads\/2023\/02\/WhatsApp-Image-2023-02-02-at-13.50.27.jpeg","jetpack_shortlink":"https:\/\/wp.me\/p6RhLt-tPF","jetpack_sharing_enabled":true,"_links":{"self":[{"href":"https:\/\/eldiariodesanpedro.com.ar\/sitio\/wp-json\/wp\/v2\/posts\/114679","targetHints":{"allow":["GET"]}}],"collection":[{"href":"https:\/\/eldiariodesanpedro.com.ar\/sitio\/wp-json\/wp\/v2\/posts"}],"about":[{"href":"https:\/\/eldiariodesanpedro.com.ar\/sitio\/wp-json\/wp\/v2\/types\/post"}],"author":[{"embeddable":true,"href":"https:\/\/eldiariodesanpedro.com.ar\/sitio\/wp-json\/wp\/v2\/users\/4"}],"replies":[{"embeddable":true,"href":"https:\/\/eldiariodesanpedro.com.ar\/sitio\/wp-json\/wp\/v2\/comments?post=114679"}],"version-history":[{"count":1,"href":"https:\/\/eldiariodesanpedro.com.ar\/sitio\/wp-json\/wp\/v2\/posts\/114679\/revisions"}],"predecessor-version":[{"id":114682,"href":"https:\/\/eldiariodesanpedro.com.ar\/sitio\/wp-json\/wp\/v2\/posts\/114679\/revisions\/114682"}],"wp:featuredmedia":[{"embeddable":true,"href":"https:\/\/eldiariodesanpedro.com.ar\/sitio\/wp-json\/wp\/v2\/media\/114680"}],"wp:attachment":[{"href":"https:\/\/eldiariodesanpedro.com.ar\/sitio\/wp-json\/wp\/v2\/media?parent=114679"}],"wp:term":[{"taxonomy":"category","embeddable":true,"href":"https:\/\/eldiariodesanpedro.com.ar\/sitio\/wp-json\/wp\/v2\/categories?post=114679"},{"taxonomy":"post_tag","embeddable":true,"href":"https:\/\/eldiariodesanpedro.com.ar\/sitio\/wp-json\/wp\/v2\/tags?post=114679"}],"curies":[{"name":"wp","href":"https:\/\/api.w.org\/{rel}","templated":true}]}}