{"id":114671,"date":"2023-02-02T17:37:55","date_gmt":"2023-02-02T20:37:55","guid":{"rendered":"https:\/\/eldiariodesanpedro.com.ar\/sitio\/?p=114671"},"modified":"2023-02-02T17:39:19","modified_gmt":"2023-02-02T20:39:19","slug":"dos-jovenes-aprehendidos-por-una-pelea-callejera-donde-tambien-rompieron-u-auto","status":"publish","type":"post","link":"https:\/\/eldiariodesanpedro.com.ar\/sitio\/dos-jovenes-aprehendidos-por-una-pelea-callejera-donde-tambien-rompieron-u-auto\/","title":{"rendered":"Dos j\u00f3venes aprehendidos por una pelea callejera donde tambi\u00e9n rompieron un auto"},"content":{"rendered":"<!-- VideographyWP Plugin Message: Automatic video embedding prevented by plugin options. -->\n\n<p>En el d\u00eda de ayer promediando las 15:30 hs a ra\u00edz de un llamado al 911 el personal policial en calle La Laguna al 100 proceden a la aprehensi\u00f3n de un ciudadano de 17 a\u00f1os de edad&nbsp; quien en reyerta le propina golpes a ciudadano de 21 a\u00f1os de edad, ocasion\u00e1ndole lesiones leves, que este \u00faltimo en acto desquite utiliza piedras ocasiona da\u00f1o en autom\u00f3vil estacionado marca Peugeot 405 propiedad de femenina de 34 a\u00f1os.<\/p>\n\n\n\n<p>Interviniendo UFI Joven. Procediendo a notificar a ambas partes de la formaci\u00f3n de la causa posterior libertad.-<\/p>\n","protected":false},"excerpt":{"rendered":"<p>En el d\u00eda de ayer promediando las 15:30 hs a ra\u00edz de un llamado al 911 el personal policial en calle La Laguna al 100 proceden a la aprehensi\u00f3n de un ciudadano de 17 a\u00f1os de edad&nbsp; quien en reyerta le propina golpes a ciudadano de 21 a\u00f1os de edad, ocasion\u00e1ndole lesiones leves, que este [&hellip;]<\/p>\n","protected":false},"author":4,"featured_media":114672,"comment_status":"closed","ping_status":"closed","sticky":false,"template":"","format":"standard","meta":{"om_disable_all_campaigns":false,"_jetpack_memberships_contains_paid_content":false,"footnotes":""},"categories":[2,103],"tags":[197,33,95,19],"class_list":["post-114671","post","type-post","status-publish","format-standard","has-post-thumbnail","hentry","category-locales","category-policiales-locales","tag-buenos-aires","tag-locales","tag-policiales","tag-san-pedro"],"aioseo_notices":[],"gutentor_comment":0,"jetpack_featured_media_url":"https:\/\/eldiariodesanpedro.com.ar\/sitio\/wp-content\/uploads\/2023\/02\/medida-1.jpg","jetpack_shortlink":"https:\/\/wp.me\/p6RhLt-tPx","jetpack_sharing_enabled":true,"_links":{"self":[{"href":"https:\/\/eldiariodesanpedro.com.ar\/sitio\/wp-json\/wp\/v2\/posts\/114671","targetHints":{"allow":["GET"]}}],"collection":[{"href":"https:\/\/eldiariodesanpedro.com.ar\/sitio\/wp-json\/wp\/v2\/posts"}],"about":[{"href":"https:\/\/eldiariodesanpedro.com.ar\/sitio\/wp-json\/wp\/v2\/types\/post"}],"author":[{"embeddable":true,"href":"https:\/\/eldiariodesanpedro.com.ar\/sitio\/wp-json\/wp\/v2\/users\/4"}],"replies":[{"embeddable":true,"href":"https:\/\/eldiariodesanpedro.com.ar\/sitio\/wp-json\/wp\/v2\/comments?post=114671"}],"version-history":[{"count":2,"href":"https:\/\/eldiariodesanpedro.com.ar\/sitio\/wp-json\/wp\/v2\/posts\/114671\/revisions"}],"predecessor-version":[{"id":114674,"href":"https:\/\/eldiariodesanpedro.com.ar\/sitio\/wp-json\/wp\/v2\/posts\/114671\/revisions\/114674"}],"wp:featuredmedia":[{"embeddable":true,"href":"https:\/\/eldiariodesanpedro.com.ar\/sitio\/wp-json\/wp\/v2\/media\/114672"}],"wp:attachment":[{"href":"https:\/\/eldiariodesanpedro.com.ar\/sitio\/wp-json\/wp\/v2\/media?parent=114671"}],"wp:term":[{"taxonomy":"category","embeddable":true,"href":"https:\/\/eldiariodesanpedro.com.ar\/sitio\/wp-json\/wp\/v2\/categories?post=114671"},{"taxonomy":"post_tag","embeddable":true,"href":"https:\/\/eldiariodesanpedro.com.ar\/sitio\/wp-json\/wp\/v2\/tags?post=114671"}],"curies":[{"name":"wp","href":"https:\/\/api.w.org\/{rel}","templated":true}]}}