{"id":114668,"date":"2023-02-02T17:26:04","date_gmt":"2023-02-02T20:26:04","guid":{"rendered":"https:\/\/eldiariodesanpedro.com.ar\/sitio\/?p=114668"},"modified":"2023-02-02T17:26:06","modified_gmt":"2023-02-02T20:26:06","slug":"dos-jovenes-aprehendidos-que-robaron-a-turistas-en-el-paseo-serian-quienes-realizaron-varios-hechos-dias-atras","status":"publish","type":"post","link":"https:\/\/eldiariodesanpedro.com.ar\/sitio\/dos-jovenes-aprehendidos-que-robaron-a-turistas-en-el-paseo-serian-quienes-realizaron-varios-hechos-dias-atras\/","title":{"rendered":"Dos j\u00f3venes aprehendidos que robaron a turistas en el paseo serian quienes realizaron varios hechos d\u00edas atr\u00e1s"},"content":{"rendered":"<!-- VideographyWP Plugin Message: Automatic video embedding prevented by plugin options. -->\n\n<p>En el d\u00eda de ayer personal policial tras r\u00e1pido accionar en operativo cerrojo en zona costanera logran a la aprehensi\u00f3n de dos ciudadanos de 18 y 20 a\u00f1os que momentos previos intentan sustraer pertenencias a ciudadano de 73 a\u00f1os y a su esposa&nbsp; de 65 a\u00f1os, tras propinarles empuj\u00f3n desde atr\u00e1s haci\u00e9ndolos caer hacia el suelo, provoc\u00e1ndoles dolencias en rodilla derecha a la mujer, siendo trasladada en ambulancia del servicio de SAME, constat\u00e1ndose lesiones car\u00e1cter leves.<\/p>\n\n\n\n<p>Asimismo se pudo establecer que los delincuentes poseen mismas caracter\u00edsticas fision\u00f3micas de hecho perpetrado d\u00eda 25\/01 siendo v\u00edctima una ciudadana de 49 a\u00f1os, adem\u00e1s participes de hecho d\u00eda 31\/01 poseyendo mismas caracter\u00edsticas resultado la v\u00edctima una femenina de 22 a\u00f1os.<\/p>\n\n\n\n<p>Interviene la UFI N\u00b011 disponiendo que ambos aprehendidos sean notificados de la formaci\u00f3n de la causa y alojados.<\/p>\n","protected":false},"excerpt":{"rendered":"<p>En el d\u00eda de ayer personal policial tras r\u00e1pido accionar en operativo cerrojo en zona costanera logran a la aprehensi\u00f3n de dos ciudadanos de 18 y 20 a\u00f1os que momentos previos intentan sustraer pertenencias a ciudadano de 73 a\u00f1os y a su esposa&nbsp; de 65 a\u00f1os, tras propinarles empuj\u00f3n desde atr\u00e1s haci\u00e9ndolos caer hacia el [&hellip;]<\/p>\n","protected":false},"author":4,"featured_media":114669,"comment_status":"closed","ping_status":"closed","sticky":false,"template":"","format":"standard","meta":{"om_disable_all_campaigns":false,"_jetpack_memberships_contains_paid_content":false,"footnotes":""},"categories":[50,2,103],"tags":[197,33,95,19],"class_list":["post-114668","post","type-post","status-publish","format-standard","has-post-thumbnail","hentry","category-destacadas","category-locales","category-policiales-locales","tag-buenos-aires","tag-locales","tag-policiales","tag-san-pedro"],"aioseo_notices":[],"gutentor_comment":0,"jetpack_featured_media_url":"https:\/\/eldiariodesanpedro.com.ar\/sitio\/wp-content\/uploads\/2023\/02\/medida.jpg","jetpack_shortlink":"https:\/\/wp.me\/p6RhLt-tPu","jetpack_sharing_enabled":true,"_links":{"self":[{"href":"https:\/\/eldiariodesanpedro.com.ar\/sitio\/wp-json\/wp\/v2\/posts\/114668","targetHints":{"allow":["GET"]}}],"collection":[{"href":"https:\/\/eldiariodesanpedro.com.ar\/sitio\/wp-json\/wp\/v2\/posts"}],"about":[{"href":"https:\/\/eldiariodesanpedro.com.ar\/sitio\/wp-json\/wp\/v2\/types\/post"}],"author":[{"embeddable":true,"href":"https:\/\/eldiariodesanpedro.com.ar\/sitio\/wp-json\/wp\/v2\/users\/4"}],"replies":[{"embeddable":true,"href":"https:\/\/eldiariodesanpedro.com.ar\/sitio\/wp-json\/wp\/v2\/comments?post=114668"}],"version-history":[{"count":1,"href":"https:\/\/eldiariodesanpedro.com.ar\/sitio\/wp-json\/wp\/v2\/posts\/114668\/revisions"}],"predecessor-version":[{"id":114670,"href":"https:\/\/eldiariodesanpedro.com.ar\/sitio\/wp-json\/wp\/v2\/posts\/114668\/revisions\/114670"}],"wp:featuredmedia":[{"embeddable":true,"href":"https:\/\/eldiariodesanpedro.com.ar\/sitio\/wp-json\/wp\/v2\/media\/114669"}],"wp:attachment":[{"href":"https:\/\/eldiariodesanpedro.com.ar\/sitio\/wp-json\/wp\/v2\/media?parent=114668"}],"wp:term":[{"taxonomy":"category","embeddable":true,"href":"https:\/\/eldiariodesanpedro.com.ar\/sitio\/wp-json\/wp\/v2\/categories?post=114668"},{"taxonomy":"post_tag","embeddable":true,"href":"https:\/\/eldiariodesanpedro.com.ar\/sitio\/wp-json\/wp\/v2\/tags?post=114668"}],"curies":[{"name":"wp","href":"https:\/\/api.w.org\/{rel}","templated":true}]}}