{"id":114664,"date":"2023-02-02T10:58:50","date_gmt":"2023-02-02T13:58:50","guid":{"rendered":"https:\/\/eldiariodesanpedro.com.ar\/sitio\/?p=114664"},"modified":"2023-02-02T10:58:52","modified_gmt":"2023-02-02T13:58:52","slug":"fiscal-brandt-tenemos-acreditado-que-se-equivocaron-y-que-el-ataque-estaba-dirigido-a-ansaloni","status":"publish","type":"post","link":"https:\/\/eldiariodesanpedro.com.ar\/sitio\/fiscal-brandt-tenemos-acreditado-que-se-equivocaron-y-que-el-ataque-estaba-dirigido-a-ansaloni\/","title":{"rendered":"Fiscal Brandt: \u201cTenemos acreditado que se equivocaron y que el ataque estaba dirigido a Ansaloni\u201d"},"content":{"rendered":"<!-- VideographyWP Plugin Message: Automatic video embedding prevented by plugin options. -->\n\n<p>En una entrevista que la letrada brind\u00f3 en exclusiva en el aire de FM G\u00e9nesis, dio detalles hasta ahora desconocidos del caso en el que fue asesinado el sampedrino Mauricio Cordara en la ciudad de Col\u00f3n. La fiscal descart\u00f3 que se haya tratado de un hecho pasional.<\/p>\n\n\n\n<p>La titular de la fiscal\u00eda de Col\u00f3n habl\u00f3 en exclusiva en el aire de FM G\u00e9nesis y se refiri\u00f3 al caso Cordara y la marcha de la instrucci\u00f3n.<\/p>\n\n\n\n<p>La Dra. Magdalena Brandt, quien a la vez record\u00f3 que en alguna etapa de su carrera como profesional &nbsp;se desempe\u00f1\u00f3 como instructora en nuestra ciudad, dio detalles sobre lo investigado, de las cuatro detenciones y c\u00f3mo se lleg\u00f3 a establecer que Mauricio Cordara fue asesinado por equivocaci\u00f3n.<\/p>\n\n\n\n<p>\u201cLa apertura de las antenas de celulares ac\u00e1 en Col\u00f3n coincidentes con la apertura de las antenas del peaje de Bigand, ese el primer dato que obtenemos, luego la fotograf\u00eda de la salida de la ciudad del auto Fiat Palio que termin\u00f3 siendo determinante, adem\u00e1s cuando tiramos la patente vimos que se trataba de un auto robado en el Gran Buenos Aires\u201d, comenz\u00f3 diciendo la fiscal.<\/p>\n\n\n\n<p>\u201cLa patente de ese auto era robada pero despu\u00e9s cuando en Rosario se lo localiza tambi\u00e9n se estableci\u00f3 que el veh\u00edculo era robado\u201d.<\/p>\n\n\n\n<p>\u201cHasta el momento hay cuatro detenidos, entre participes por haber preparado el auto y haberlo comprado, y encubridores, una por ser la persona que se encontraba en el Fiat Palio pero todav\u00eda no podemos acreditar s\u00ed es la que dispar\u00f3 por eso estoy esperando que lo extraditen desde Rosario\u201d, confi\u00f3 Brandt. \u201cEl auto hab\u00eda sido adquirido especialmente para este hecho, fue comprado el d\u00eda anterior\u201d.<\/p>\n\n\n\n<p>\u201cTenemos varias hip\u00f3tesis para poder saber cu\u00e1l fue el m\u00f3vil del hecho, lo que s\u00ed tenemos acreditado es que se equivocaron y que el ataque estaba dirigido a Ansaloni\u201d, expres\u00f3 la Dra. Magdalena Brandt confirmando un detalle jam\u00e1s revelado sobre el caso.<\/p>\n\n\n\n<p>\u201cLo pudimos determinar luego de secuestrar los celulares de los detenidos, donde claramente hablaban de que se hab\u00edan equivocado\u201d, asegur\u00f3. \u201cLa fisonom\u00eda de Cordara y Ansaloni es totalmente distinta pero todo fue en cuesti\u00f3n de segundos y el delincuente ten\u00eda que disparar s\u00ed o s\u00ed, se baj\u00f3 dispuesto a matar\u201d.<\/p>\n\n\n\n<p>\u201cLo que quiz\u00e1s nunca pueda saber es s\u00ed el hecho tuvo que ver con la interna sindical, con el manejo de dinero en negro u otras cuestiones, no s\u00e9 hasta d\u00f3nde voy a poder llegar\u201d.<\/p>\n\n\n\n<p>Hace pocas semanas, en el programa de tv que conduce el periodista Pablo Kablan por C5N, revelaban que el asesinato de Cordara estaba relacionado con cuestiones pasionales y que la confesi\u00f3n de una mujer hab\u00eda sido determinante para poder saberlo. A todo esto la fiscal que instruye el caso asegur\u00f3 que la declaraci\u00f3n existe pero que no tiene nada que ver con el m\u00f3vil del hecho y que eso se supo de pura casualidad ya que era parte de la vida privada de la v\u00edctima pero que no fue el motivo de su asesinato.<\/p>\n\n\n\n<p>\u201cLa declaraci\u00f3n de una mujer que manten\u00eda una supuesta relaci\u00f3n pasional con Cordara est\u00e1 a disposici\u00f3n de la causa. Es la hip\u00f3tesis que menos relevancia tiene\u201d, confirm\u00f3 la titular de la fiscal\u00eda de Col\u00f3n.<\/p>\n\n\n\n<p>Es decir que por un lado la justicia tiene acreditado que el hecho estaba dirigido al ex diputado Ansaloni y por otro lado, de casualidad, sali\u00f3 a la luz una presunta relaci\u00f3n amorosa que Cordara manten\u00eda con una mujer&nbsp;pero que nada tuvo que ver con el asesinato.<\/p>\n\n\n\n<p>El homicidio de Cordara se produjo el viernes 18 de noviembre del a\u00f1o pasado alrededor de las 17 cuando el chofer del ex diputado y dirigente de Osprera Pablo Ansaloni busc\u00f3 a los hijos de este en el colegio en un Volkswagen Vento y los llev\u00f3 a su casa, en calle 20 entre 43 y 44, de Col\u00f3n. Los chicos bajaron y Cordara abri\u00f3 el ba\u00fal para bajar las mochilas. En ese momento, un atacante joven con gorra y remera celeste lo sorprendi\u00f3 y gatill\u00f3 nueve veces para darle muerte en el acto.<\/p>\n\n\n\n<p>Fuente: San Pedro Informa<\/p>\n","protected":false},"excerpt":{"rendered":"<p>En una entrevista que la letrada brind\u00f3 en exclusiva en el aire de FM G\u00e9nesis, dio detalles hasta ahora desconocidos del caso en el que fue asesinado el sampedrino Mauricio Cordara en la ciudad de Col\u00f3n. La fiscal descart\u00f3 que se haya tratado de un hecho pasional. La titular de la fiscal\u00eda de Col\u00f3n habl\u00f3 [&hellip;]<\/p>\n","protected":false},"author":4,"featured_media":114665,"comment_status":"closed","ping_status":"closed","sticky":false,"template":"","format":"standard","meta":{"om_disable_all_campaigns":false,"_jetpack_memberships_contains_paid_content":false,"footnotes":""},"categories":[50,101,2],"tags":[197,696,33,19],"class_list":["post-114664","post","type-post","status-publish","format-standard","has-post-thumbnail","hentry","category-destacadas","category-interes-general-locales","category-locales","tag-buenos-aires","tag-interes-general","tag-locales","tag-san-pedro"],"aioseo_notices":[],"gutentor_comment":0,"jetpack_featured_media_url":"https:\/\/eldiariodesanpedro.com.ar\/sitio\/wp-content\/uploads\/2023\/02\/0000021603-resized-1920x1080-1.jpg","jetpack_shortlink":"https:\/\/wp.me\/p6RhLt-tPq","jetpack_sharing_enabled":true,"_links":{"self":[{"href":"https:\/\/eldiariodesanpedro.com.ar\/sitio\/wp-json\/wp\/v2\/posts\/114664","targetHints":{"allow":["GET"]}}],"collection":[{"href":"https:\/\/eldiariodesanpedro.com.ar\/sitio\/wp-json\/wp\/v2\/posts"}],"about":[{"href":"https:\/\/eldiariodesanpedro.com.ar\/sitio\/wp-json\/wp\/v2\/types\/post"}],"author":[{"embeddable":true,"href":"https:\/\/eldiariodesanpedro.com.ar\/sitio\/wp-json\/wp\/v2\/users\/4"}],"replies":[{"embeddable":true,"href":"https:\/\/eldiariodesanpedro.com.ar\/sitio\/wp-json\/wp\/v2\/comments?post=114664"}],"version-history":[{"count":1,"href":"https:\/\/eldiariodesanpedro.com.ar\/sitio\/wp-json\/wp\/v2\/posts\/114664\/revisions"}],"predecessor-version":[{"id":114666,"href":"https:\/\/eldiariodesanpedro.com.ar\/sitio\/wp-json\/wp\/v2\/posts\/114664\/revisions\/114666"}],"wp:featuredmedia":[{"embeddable":true,"href":"https:\/\/eldiariodesanpedro.com.ar\/sitio\/wp-json\/wp\/v2\/media\/114665"}],"wp:attachment":[{"href":"https:\/\/eldiariodesanpedro.com.ar\/sitio\/wp-json\/wp\/v2\/media?parent=114664"}],"wp:term":[{"taxonomy":"category","embeddable":true,"href":"https:\/\/eldiariodesanpedro.com.ar\/sitio\/wp-json\/wp\/v2\/categories?post=114664"},{"taxonomy":"post_tag","embeddable":true,"href":"https:\/\/eldiariodesanpedro.com.ar\/sitio\/wp-json\/wp\/v2\/tags?post=114664"}],"curies":[{"name":"wp","href":"https:\/\/api.w.org\/{rel}","templated":true}]}}