{"id":114661,"date":"2023-02-02T10:53:40","date_gmt":"2023-02-02T13:53:40","guid":{"rendered":"https:\/\/eldiariodesanpedro.com.ar\/sitio\/?p=114661"},"modified":"2023-02-02T10:53:43","modified_gmt":"2023-02-02T13:53:43","slug":"confirman-becas-municipales-para-destacadas-deportistas-sampedrinas","status":"publish","type":"post","link":"https:\/\/eldiariodesanpedro.com.ar\/sitio\/confirman-becas-municipales-para-destacadas-deportistas-sampedrinas\/","title":{"rendered":"Confirman becas municipales para destacadas deportistas sampedrinas"},"content":{"rendered":"<!-- VideographyWP Plugin Message: Automatic video embedding prevented by plugin options. -->\n\n<p>La Municipalidad de San Pedro confirm\u00f3 a trav\u00e9s de la Direcci\u00f3n de Deportes la asignaci\u00f3n de becas sistem\u00e1ticas para las destacadas deportistas sampedrinas Eugenia Bosco (vela), Brenda Rojas (canotaje), Candela Raviola (nataci\u00f3n) y Candela V\u00e1zquez (tenis), quienes vienen desempe\u00f1ando con gran \u00e9xito y mucho esfuerzo, carreras destacadas, cada una en su disciplina.<\/p>\n\n\n\n<p>El dinero de las becas es aportado por el Fondo Municipal de Promoci\u00f3n del Deporte, creado por Ordenanza en el HCD y las mismas son otorgadas tras la evaluaci\u00f3n conjunta que realizan desde la Direcci\u00f3n de Deportes a cargo del Profesor Mariano Arnal, con los concejales que integran la comisi\u00f3n.<\/p>\n\n\n\n<p>En este caso, con el objetivo de apoyar la preparaci\u00f3n constante que realizan para competencias nacionales e internacionales y cumpliendo los requisitos establecidos, las j\u00f3venes recibir\u00e1n un aporte mensual hasta fines del 2023.<\/p>\n\n\n\n<p>Adem\u00e1s, durante los pr\u00f3ximos meses, desde el Fondo se analizar\u00e1n las solicitudes puntuales que se reciben para aportes \u00ab\u00fanicos\u00bb a deportistas y\/o instituciones, siempre con el objetivo de acompa\u00f1ar el desarrollo de las actividades sociales y deportivas de nuestra ciudad.<\/p>\n","protected":false},"excerpt":{"rendered":"<p>La Municipalidad de San Pedro confirm\u00f3 a trav\u00e9s de la Direcci\u00f3n de Deportes la asignaci\u00f3n de becas sistem\u00e1ticas para las destacadas deportistas sampedrinas Eugenia Bosco (vela), Brenda Rojas (canotaje), Candela Raviola (nataci\u00f3n) y Candela V\u00e1zquez (tenis), quienes vienen desempe\u00f1ando con gran \u00e9xito y mucho esfuerzo, carreras destacadas, cada una en su disciplina. El dinero de [&hellip;]<\/p>\n","protected":false},"author":4,"featured_media":114662,"comment_status":"closed","ping_status":"closed","sticky":false,"template":"","format":"standard","meta":{"om_disable_all_campaigns":false,"_jetpack_memberships_contains_paid_content":false,"footnotes":""},"categories":[50,101,2],"tags":[197,696,33,19],"class_list":["post-114661","post","type-post","status-publish","format-standard","has-post-thumbnail","hentry","category-destacadas","category-interes-general-locales","category-locales","tag-buenos-aires","tag-interes-general","tag-locales","tag-san-pedro"],"aioseo_notices":[],"gutentor_comment":0,"jetpack_featured_media_url":"https:\/\/eldiariodesanpedro.com.ar\/sitio\/wp-content\/uploads\/2023\/02\/WhatsApp-Image-2023-02-02-at-08.23.28.jpeg","jetpack_shortlink":"https:\/\/wp.me\/p6RhLt-tPn","jetpack_sharing_enabled":true,"_links":{"self":[{"href":"https:\/\/eldiariodesanpedro.com.ar\/sitio\/wp-json\/wp\/v2\/posts\/114661","targetHints":{"allow":["GET"]}}],"collection":[{"href":"https:\/\/eldiariodesanpedro.com.ar\/sitio\/wp-json\/wp\/v2\/posts"}],"about":[{"href":"https:\/\/eldiariodesanpedro.com.ar\/sitio\/wp-json\/wp\/v2\/types\/post"}],"author":[{"embeddable":true,"href":"https:\/\/eldiariodesanpedro.com.ar\/sitio\/wp-json\/wp\/v2\/users\/4"}],"replies":[{"embeddable":true,"href":"https:\/\/eldiariodesanpedro.com.ar\/sitio\/wp-json\/wp\/v2\/comments?post=114661"}],"version-history":[{"count":1,"href":"https:\/\/eldiariodesanpedro.com.ar\/sitio\/wp-json\/wp\/v2\/posts\/114661\/revisions"}],"predecessor-version":[{"id":114663,"href":"https:\/\/eldiariodesanpedro.com.ar\/sitio\/wp-json\/wp\/v2\/posts\/114661\/revisions\/114663"}],"wp:featuredmedia":[{"embeddable":true,"href":"https:\/\/eldiariodesanpedro.com.ar\/sitio\/wp-json\/wp\/v2\/media\/114662"}],"wp:attachment":[{"href":"https:\/\/eldiariodesanpedro.com.ar\/sitio\/wp-json\/wp\/v2\/media?parent=114661"}],"wp:term":[{"taxonomy":"category","embeddable":true,"href":"https:\/\/eldiariodesanpedro.com.ar\/sitio\/wp-json\/wp\/v2\/categories?post=114661"},{"taxonomy":"post_tag","embeddable":true,"href":"https:\/\/eldiariodesanpedro.com.ar\/sitio\/wp-json\/wp\/v2\/tags?post=114661"}],"curies":[{"name":"wp","href":"https:\/\/api.w.org\/{rel}","templated":true}]}}