{"id":114656,"date":"2023-02-01T15:38:02","date_gmt":"2023-02-01T18:38:02","guid":{"rendered":"https:\/\/eldiariodesanpedro.com.ar\/sitio\/?p=114656"},"modified":"2023-02-01T21:09:14","modified_gmt":"2023-02-02T00:09:14","slug":"se-cumplen-5-anos-del-brutal-femicidio-de-natalia-duarte","status":"publish","type":"post","link":"https:\/\/eldiariodesanpedro.com.ar\/sitio\/se-cumplen-5-anos-del-brutal-femicidio-de-natalia-duarte\/","title":{"rendered":"Se cumplen 5 a\u00f1os del brutal femicidio de Natalia Duarte"},"content":{"rendered":"<!-- VideographyWP Plugin Message: Automatic video embedding prevented by plugin options. -->\n\n<p>La Secretar\u00eda de Pol\u00edticas de Mujeres, G\u00e9nero y Diversidad record\u00f3 a Natalia Duarte, a 5 a\u00f1os de su femicidio.&nbsp;<\/p>\n\n\n\n<p>\u00abAcompa\u00f1amos a su familia, amigas\/os, vecinas\/os y renovamos el compromiso y la certeza de que necesitamos al Estado presente, a la comunidad, a las organizaciones e instituciones, y el trabajo en red, para que no haya m\u00e1s Natalias asesinadas en manos de la violencia machista\u00bb expresaron desde el \u00e1rea que conduce Laura Monfasani.<a><\/a><\/p>\n\n\n\n<p>\u00abReparar implica visibilizar a las personas, los hechos y el contexto. Mantener viva la memoria y el compromiso de las pol\u00edticas p\u00fablicas para que no haya ni una mujer m\u00e1s asesinada \u00a1Natalia Duarte Presente, ahora y siempre!\u00bb agregaron.&nbsp;&nbsp;<\/p>\n","protected":false},"excerpt":{"rendered":"<p>La Secretar\u00eda de Pol\u00edticas de Mujeres, G\u00e9nero y Diversidad record\u00f3 a Natalia Duarte, a 5 a\u00f1os de su femicidio.&nbsp; \u00abAcompa\u00f1amos a su familia, amigas\/os, vecinas\/os y renovamos el compromiso y la certeza de que necesitamos al Estado presente, a la comunidad, a las organizaciones e instituciones, y el trabajo en red, para que no haya [&hellip;]<\/p>\n","protected":false},"author":4,"featured_media":114659,"comment_status":"closed","ping_status":"closed","sticky":false,"template":"","format":"standard","meta":{"om_disable_all_campaigns":false,"_jetpack_memberships_contains_paid_content":false,"footnotes":""},"categories":[50,101,2],"tags":[197,696,33,19],"class_list":["post-114656","post","type-post","status-publish","format-standard","has-post-thumbnail","hentry","category-destacadas","category-interes-general-locales","category-locales","tag-buenos-aires","tag-interes-general","tag-locales","tag-san-pedro"],"aioseo_notices":[],"gutentor_comment":0,"jetpack_featured_media_url":"https:\/\/eldiariodesanpedro.com.ar\/sitio\/wp-content\/uploads\/2023\/02\/natalia-duarte.jpg","jetpack_shortlink":"https:\/\/wp.me\/p6RhLt-tPi","jetpack_sharing_enabled":true,"_links":{"self":[{"href":"https:\/\/eldiariodesanpedro.com.ar\/sitio\/wp-json\/wp\/v2\/posts\/114656","targetHints":{"allow":["GET"]}}],"collection":[{"href":"https:\/\/eldiariodesanpedro.com.ar\/sitio\/wp-json\/wp\/v2\/posts"}],"about":[{"href":"https:\/\/eldiariodesanpedro.com.ar\/sitio\/wp-json\/wp\/v2\/types\/post"}],"author":[{"embeddable":true,"href":"https:\/\/eldiariodesanpedro.com.ar\/sitio\/wp-json\/wp\/v2\/users\/4"}],"replies":[{"embeddable":true,"href":"https:\/\/eldiariodesanpedro.com.ar\/sitio\/wp-json\/wp\/v2\/comments?post=114656"}],"version-history":[{"count":1,"href":"https:\/\/eldiariodesanpedro.com.ar\/sitio\/wp-json\/wp\/v2\/posts\/114656\/revisions"}],"predecessor-version":[{"id":114658,"href":"https:\/\/eldiariodesanpedro.com.ar\/sitio\/wp-json\/wp\/v2\/posts\/114656\/revisions\/114658"}],"wp:featuredmedia":[{"embeddable":true,"href":"https:\/\/eldiariodesanpedro.com.ar\/sitio\/wp-json\/wp\/v2\/media\/114659"}],"wp:attachment":[{"href":"https:\/\/eldiariodesanpedro.com.ar\/sitio\/wp-json\/wp\/v2\/media?parent=114656"}],"wp:term":[{"taxonomy":"category","embeddable":true,"href":"https:\/\/eldiariodesanpedro.com.ar\/sitio\/wp-json\/wp\/v2\/categories?post=114656"},{"taxonomy":"post_tag","embeddable":true,"href":"https:\/\/eldiariodesanpedro.com.ar\/sitio\/wp-json\/wp\/v2\/tags?post=114656"}],"curies":[{"name":"wp","href":"https:\/\/api.w.org\/{rel}","templated":true}]}}