{"id":114653,"date":"2023-02-01T13:25:43","date_gmt":"2023-02-01T16:25:43","guid":{"rendered":"https:\/\/eldiariodesanpedro.com.ar\/sitio\/?p=114653"},"modified":"2023-02-01T13:25:44","modified_gmt":"2023-02-01T16:25:44","slug":"patricia-bullrich-visita-san-pedro-este-viernes","status":"publish","type":"post","link":"https:\/\/eldiariodesanpedro.com.ar\/sitio\/patricia-bullrich-visita-san-pedro-este-viernes\/","title":{"rendered":"Patricia Bullrich visita San Pedro este viernes"},"content":{"rendered":"<!-- VideographyWP Plugin Message: Automatic video embedding prevented by plugin options. -->\n\n<p>El pr\u00f3ximo viernes en nuestra ciudad recibir\u00e1 la visita de la actual presidenta del partido PRO, la Dra. Patricia Bullrich quien tendr\u00e1 una completa agenda.<\/p>\n\n\n\n<p>Este 3 de Febrero nos complace anunciar que la Dra. Patricia Bullrich visitara la ciudad de San Pedro para el descubrimiento de una placa en honor al Dr. Honorio Pueyrred\u00f3n en la Plazoleta Fray Cayetano Rodriguez junto a las autoridades de la uni\u00f3n c\u00edvica radical de san pedro ,adem\u00e1s realizar\u00e1 una recorrida para charlar con vecinos, conocer\u00e1 una empresa local y finalizar\u00e1 su presencia con una reuni\u00f3n con productores de la ciudad.<\/p>\n\n\n\n<p>Invitamos y esperamos contar con la presencia de la sociedad en la Plazoleta Fray Cayetano Rodriguez el pr\u00f3ximo viernes a las 10:30 hs.<\/p>\n","protected":false},"excerpt":{"rendered":"<p>El pr\u00f3ximo viernes en nuestra ciudad recibir\u00e1 la visita de la actual presidenta del partido PRO, la Dra. Patricia Bullrich quien tendr\u00e1 una completa agenda. Este 3 de Febrero nos complace anunciar que la Dra. Patricia Bullrich visitara la ciudad de San Pedro para el descubrimiento de una placa en honor al Dr. Honorio Pueyrred\u00f3n [&hellip;]<\/p>\n","protected":false},"author":4,"featured_media":114654,"comment_status":"closed","ping_status":"closed","sticky":false,"template":"","format":"standard","meta":{"om_disable_all_campaigns":false,"_jetpack_memberships_contains_paid_content":false,"footnotes":""},"categories":[50,101,2],"tags":[197,696,33,19],"class_list":["post-114653","post","type-post","status-publish","format-standard","has-post-thumbnail","hentry","category-destacadas","category-interes-general-locales","category-locales","tag-buenos-aires","tag-interes-general","tag-locales","tag-san-pedro"],"aioseo_notices":[],"gutentor_comment":0,"jetpack_featured_media_url":"https:\/\/eldiariodesanpedro.com.ar\/sitio\/wp-content\/uploads\/2023\/02\/T6SLI2ST7FD4HA3GSGKKUGZW5A.jpeg","jetpack_shortlink":"https:\/\/wp.me\/p6RhLt-tPf","jetpack_sharing_enabled":true,"_links":{"self":[{"href":"https:\/\/eldiariodesanpedro.com.ar\/sitio\/wp-json\/wp\/v2\/posts\/114653","targetHints":{"allow":["GET"]}}],"collection":[{"href":"https:\/\/eldiariodesanpedro.com.ar\/sitio\/wp-json\/wp\/v2\/posts"}],"about":[{"href":"https:\/\/eldiariodesanpedro.com.ar\/sitio\/wp-json\/wp\/v2\/types\/post"}],"author":[{"embeddable":true,"href":"https:\/\/eldiariodesanpedro.com.ar\/sitio\/wp-json\/wp\/v2\/users\/4"}],"replies":[{"embeddable":true,"href":"https:\/\/eldiariodesanpedro.com.ar\/sitio\/wp-json\/wp\/v2\/comments?post=114653"}],"version-history":[{"count":1,"href":"https:\/\/eldiariodesanpedro.com.ar\/sitio\/wp-json\/wp\/v2\/posts\/114653\/revisions"}],"predecessor-version":[{"id":114655,"href":"https:\/\/eldiariodesanpedro.com.ar\/sitio\/wp-json\/wp\/v2\/posts\/114653\/revisions\/114655"}],"wp:featuredmedia":[{"embeddable":true,"href":"https:\/\/eldiariodesanpedro.com.ar\/sitio\/wp-json\/wp\/v2\/media\/114654"}],"wp:attachment":[{"href":"https:\/\/eldiariodesanpedro.com.ar\/sitio\/wp-json\/wp\/v2\/media?parent=114653"}],"wp:term":[{"taxonomy":"category","embeddable":true,"href":"https:\/\/eldiariodesanpedro.com.ar\/sitio\/wp-json\/wp\/v2\/categories?post=114653"},{"taxonomy":"post_tag","embeddable":true,"href":"https:\/\/eldiariodesanpedro.com.ar\/sitio\/wp-json\/wp\/v2\/tags?post=114653"}],"curies":[{"name":"wp","href":"https:\/\/api.w.org\/{rel}","templated":true}]}}