{"id":114650,"date":"2023-02-01T12:34:47","date_gmt":"2023-02-01T15:34:47","guid":{"rendered":"https:\/\/eldiariodesanpedro.com.ar\/sitio\/?p=114650"},"modified":"2023-02-01T12:34:50","modified_gmt":"2023-02-01T15:34:50","slug":"el-dr-creus-renuncio-a-la-direccion-del-hospital-emilio-ruffa","status":"publish","type":"post","link":"https:\/\/eldiariodesanpedro.com.ar\/sitio\/el-dr-creus-renuncio-a-la-direccion-del-hospital-emilio-ruffa\/","title":{"rendered":"El Dr. Creus renunci\u00f3 a la direcci\u00f3n del Hospital \u00abEmilio Ruffa\u00bb"},"content":{"rendered":"<!-- VideographyWP Plugin Message: Automatic video embedding prevented by plugin options. -->\n\n<p>Tal cual lo adelantado en el aire de FM G\u00e9nesis Creus oficializ\u00f3 su salida del cargo que ocupaba este martes mediante una nota que public\u00f3 en la redes sociales aunque ya en el mes de diciembre hab\u00eda expresado su inter\u00e9s de dar un paso al costado. Tampoco retornar\u00e1 al HCD.<\/p>\n\n\n\n<p>Como hab\u00eda sido adelantado en el mes de diciembre en el aire de FM G\u00e9nesis, este martes el Dr. Daniel Creus oficializ\u00f3 su renuncia a la direcci\u00f3n del Hospital \u00abEmilio Ruffa\u00bb.<\/p>\n\n\n\n<p>Sobre el cierre del a\u00f1o anterior el propio m\u00e9dico hab\u00eda adelantado a las autoridades la decisi\u00f3n que ahora hizo efectiva y que ya todos confirmaban en los pasillos del nosocomio que dirig\u00eda.<\/p>\n\n\n\n<p>En una nota publicada en las redes sociales, Creus confirma que deja el cargo pero adem\u00e1s expresa que se dedicar\u00e1 a cuestiones de su vida privada lo que tambi\u00e9n hace ver su posici\u00f3n de no regresar a su puesto de concejal del Frente de Todos, lugar que dej\u00f3 para asumir en el hospital.<\/p>\n\n\n\n<p>Esta es la segunda vez que el profesional renuncia a un cargo pol\u00edtico, adem\u00e1s antes de ser candidato a concejal se hab\u00eda desempe\u00f1ado como Secretario de Salud.<\/p>\n\n\n\n<p>Los doctores Diego Noto, Adri\u00e1n Spotti, Javier Sualdea y Gabriel Sayago aparecen como los posibles candidatos a reemplazar al director saliente.<\/p>\n\n\n\n<p><em>\u00abHoy, 31 de enero de 2023\u2026 \u00faltimo d\u00eda en la direcci\u00f3n del Hospital Ruffa de San Pedro. Hace exactamente 2 a\u00f1os que ingres\u00e9 a la gesti\u00f3n de la intendencia de Cecilio Salazar como Secretario de Salud. Se nos ven\u00eda la peor parte de la pandemia, Europa nos mostraba lo que suceder\u00eda, la carrera por la provisi\u00f3n de vacunas, un aislamiento que ya no se sosten\u00eda ni social ni econ\u00f3micamente\u2026 lo transitamos con esfuerzo y dolor, la perdida de queridos vecinos, familiares, amigos. Nuestro sistema de salud soport\u00f3 adem\u00e1s el cierre de una cl\u00ednica privada, absorbiendo esa demanda. Luego me honraron con ser concejal electo en la lista que impulsaba el intendente Cecilio Salazar\u2026 mucho agradecimiento debo a Cecilio y por sobre todo a los ciudadanos que nos llevaron a triunfar en esos comicios. Luego seguimos aportando desde la direcci\u00f3n de este querido hospital que tanto trabaja por la comunidad (l\u00e9ase trabajadores de la salud publica en su totalidad, centros de salud, hospital, profesionales y no profesionales), dos a\u00f1os de intenso trabajo.<\/em><\/p>\n\n\n\n<p><em>A partir de ma\u00f1ana abro un par\u00e9ntesis, vuelvo a mi puesto habitual, pediatra y neumon\u00f3logo; la funci\u00f3n p\u00fablica es de tiempo completo y durante este a\u00f1o debo concluir con una carrera de grado que fue una opci\u00f3n en mi juventud y hoy con la virtualidad y la internet, estoy a punto de concretar, gradu\u00e1ndome en abogac\u00eda.<\/em><\/p>\n\n\n\n<p><em>Necesito tiempo para realizar una tesis y las pr\u00e1cticas profesionales. Agradezco al estudio de abogados Casini, Mart\u00edn &amp; asociados por aceptarme y guiarme en esta nueva etapa.<\/em><\/p>\n\n\n\n<p><em>Resulta obvio decir que mi actividad profesional m\u00e9dica, la continuar\u00e9 ejerciendo en el Hospital Ruffa y en mi consultorio particular.<\/em><\/p>\n\n\n\n<p><em>Espero no defraudar con esta decisi\u00f3n a quienes depositaron su confianza en m\u00ed, en alg\u00fan momento volver\u00e9 a estar al pie del ca\u00f1\u00f3n en la salud p\u00fablica o en el concejo deliberante, cumpliendo mi deber con la pasi\u00f3n de siempre.<\/em><\/p>\n\n\n\n<p><em>\u00abLa vida es demasiado corta, el tiempo es demasiado valioso y las apuestas son demasiado altas para pensar en lo que podr\u00eda haber sido\u00bb. Hillary Rodham Clinton.<\/em><\/p>\n\n\n\n<p><em>Gracias\u2026 totales..!!!!\u00bb<\/em><\/p>\n","protected":false},"excerpt":{"rendered":"<p>Tal cual lo adelantado en el aire de FM G\u00e9nesis Creus oficializ\u00f3 su salida del cargo que ocupaba este martes mediante una nota que public\u00f3 en la redes sociales aunque ya en el mes de diciembre hab\u00eda expresado su inter\u00e9s de dar un paso al costado. Tampoco retornar\u00e1 al HCD. Como hab\u00eda sido adelantado en [&hellip;]<\/p>\n","protected":false},"author":4,"featured_media":114651,"comment_status":"closed","ping_status":"closed","sticky":false,"template":"","format":"standard","meta":{"om_disable_all_campaigns":false,"_jetpack_memberships_contains_paid_content":false,"footnotes":""},"categories":[50,101,2],"tags":[197,696,33,19],"class_list":["post-114650","post","type-post","status-publish","format-standard","has-post-thumbnail","hentry","category-destacadas","category-interes-general-locales","category-locales","tag-buenos-aires","tag-interes-general","tag-locales","tag-san-pedro"],"aioseo_notices":[],"gutentor_comment":0,"jetpack_featured_media_url":"https:\/\/eldiariodesanpedro.com.ar\/sitio\/wp-content\/uploads\/2023\/02\/6.jpg","jetpack_shortlink":"https:\/\/wp.me\/p6RhLt-tPc","jetpack_sharing_enabled":true,"_links":{"self":[{"href":"https:\/\/eldiariodesanpedro.com.ar\/sitio\/wp-json\/wp\/v2\/posts\/114650","targetHints":{"allow":["GET"]}}],"collection":[{"href":"https:\/\/eldiariodesanpedro.com.ar\/sitio\/wp-json\/wp\/v2\/posts"}],"about":[{"href":"https:\/\/eldiariodesanpedro.com.ar\/sitio\/wp-json\/wp\/v2\/types\/post"}],"author":[{"embeddable":true,"href":"https:\/\/eldiariodesanpedro.com.ar\/sitio\/wp-json\/wp\/v2\/users\/4"}],"replies":[{"embeddable":true,"href":"https:\/\/eldiariodesanpedro.com.ar\/sitio\/wp-json\/wp\/v2\/comments?post=114650"}],"version-history":[{"count":1,"href":"https:\/\/eldiariodesanpedro.com.ar\/sitio\/wp-json\/wp\/v2\/posts\/114650\/revisions"}],"predecessor-version":[{"id":114652,"href":"https:\/\/eldiariodesanpedro.com.ar\/sitio\/wp-json\/wp\/v2\/posts\/114650\/revisions\/114652"}],"wp:featuredmedia":[{"embeddable":true,"href":"https:\/\/eldiariodesanpedro.com.ar\/sitio\/wp-json\/wp\/v2\/media\/114651"}],"wp:attachment":[{"href":"https:\/\/eldiariodesanpedro.com.ar\/sitio\/wp-json\/wp\/v2\/media?parent=114650"}],"wp:term":[{"taxonomy":"category","embeddable":true,"href":"https:\/\/eldiariodesanpedro.com.ar\/sitio\/wp-json\/wp\/v2\/categories?post=114650"},{"taxonomy":"post_tag","embeddable":true,"href":"https:\/\/eldiariodesanpedro.com.ar\/sitio\/wp-json\/wp\/v2\/tags?post=114650"}],"curies":[{"name":"wp","href":"https:\/\/api.w.org\/{rel}","templated":true}]}}