{"id":114643,"date":"2023-02-01T12:08:42","date_gmt":"2023-02-01T15:08:42","guid":{"rendered":"https:\/\/eldiariodesanpedro.com.ar\/sitio\/?p=114643"},"modified":"2023-02-01T12:08:44","modified_gmt":"2023-02-01T15:08:44","slug":"un-joven-herido-al-colisionar-en-moto-contra-un-auto-en-santa-lucia","status":"publish","type":"post","link":"https:\/\/eldiariodesanpedro.com.ar\/sitio\/un-joven-herido-al-colisionar-en-moto-contra-un-auto-en-santa-lucia\/","title":{"rendered":"Un joven herido al colisionar en moto contra un auto en Santa lucia"},"content":{"rendered":"<!-- VideographyWP Plugin Message: Automatic video embedding prevented by plugin options. -->\n\n<p>En el d\u00eda de ayer alrededor de las 20 horas el personal policial del destacamento de Santa Lucia se constituye en calle G\u00fcemes y Sarmiento de esa localidad, donde por razones que se tratan de establecer colisiona un autom\u00f3vil Peugeot 404 conducido por un masculino de 24 a\u00f1os contra una motocicleta Motomel guiada por un masculino de 18. <\/p>\n\n\n\n<p>Como consecuencia del siniestro este \u00faltimo fue trasladado hacia el hospital de la ciudad de San Pedro presentando m\u00faltiples escoriaciones.<\/p>\n\n\n\n<p><\/p>\n","protected":false},"excerpt":{"rendered":"<p>En el d\u00eda de ayer alrededor de las 20 horas el personal policial del destacamento de Santa Lucia se constituye en calle G\u00fcemes y Sarmiento de esa localidad, donde por razones que se tratan de establecer colisiona un autom\u00f3vil Peugeot 404 conducido por un masculino de 24 a\u00f1os contra una motocicleta Motomel guiada por un [&hellip;]<\/p>\n","protected":false},"author":4,"featured_media":114644,"comment_status":"closed","ping_status":"closed","sticky":false,"template":"","format":"standard","meta":{"om_disable_all_campaigns":false,"_jetpack_memberships_contains_paid_content":false,"footnotes":""},"categories":[2,103],"tags":[197,33,95,19],"class_list":["post-114643","post","type-post","status-publish","format-standard","has-post-thumbnail","hentry","category-locales","category-policiales-locales","tag-buenos-aires","tag-locales","tag-policiales","tag-san-pedro"],"aioseo_notices":[],"gutentor_comment":0,"jetpack_featured_media_url":"https:\/\/eldiariodesanpedro.com.ar\/sitio\/wp-content\/uploads\/2023\/02\/3.jpg","jetpack_shortlink":"https:\/\/wp.me\/p6RhLt-tP5","jetpack_sharing_enabled":true,"_links":{"self":[{"href":"https:\/\/eldiariodesanpedro.com.ar\/sitio\/wp-json\/wp\/v2\/posts\/114643","targetHints":{"allow":["GET"]}}],"collection":[{"href":"https:\/\/eldiariodesanpedro.com.ar\/sitio\/wp-json\/wp\/v2\/posts"}],"about":[{"href":"https:\/\/eldiariodesanpedro.com.ar\/sitio\/wp-json\/wp\/v2\/types\/post"}],"author":[{"embeddable":true,"href":"https:\/\/eldiariodesanpedro.com.ar\/sitio\/wp-json\/wp\/v2\/users\/4"}],"replies":[{"embeddable":true,"href":"https:\/\/eldiariodesanpedro.com.ar\/sitio\/wp-json\/wp\/v2\/comments?post=114643"}],"version-history":[{"count":1,"href":"https:\/\/eldiariodesanpedro.com.ar\/sitio\/wp-json\/wp\/v2\/posts\/114643\/revisions"}],"predecessor-version":[{"id":114645,"href":"https:\/\/eldiariodesanpedro.com.ar\/sitio\/wp-json\/wp\/v2\/posts\/114643\/revisions\/114645"}],"wp:featuredmedia":[{"embeddable":true,"href":"https:\/\/eldiariodesanpedro.com.ar\/sitio\/wp-json\/wp\/v2\/media\/114644"}],"wp:attachment":[{"href":"https:\/\/eldiariodesanpedro.com.ar\/sitio\/wp-json\/wp\/v2\/media?parent=114643"}],"wp:term":[{"taxonomy":"category","embeddable":true,"href":"https:\/\/eldiariodesanpedro.com.ar\/sitio\/wp-json\/wp\/v2\/categories?post=114643"},{"taxonomy":"post_tag","embeddable":true,"href":"https:\/\/eldiariodesanpedro.com.ar\/sitio\/wp-json\/wp\/v2\/tags?post=114643"}],"curies":[{"name":"wp","href":"https:\/\/api.w.org\/{rel}","templated":true}]}}