{"id":114630,"date":"2023-02-01T11:31:06","date_gmt":"2023-02-01T14:31:06","guid":{"rendered":"https:\/\/eldiariodesanpedro.com.ar\/sitio\/?p=114630"},"modified":"2023-02-01T11:31:08","modified_gmt":"2023-02-01T14:31:08","slug":"atencion-de-la-direccion-de-rentas-en-las-localidades","status":"publish","type":"post","link":"https:\/\/eldiariodesanpedro.com.ar\/sitio\/atencion-de-la-direccion-de-rentas-en-las-localidades\/","title":{"rendered":"Atenci\u00f3n de la Direcci\u00f3n de Rentas en las localidades"},"content":{"rendered":"<!-- VideographyWP Plugin Message: Automatic video embedding prevented by plugin options. -->\n\n<p>Este martes, personal del \u00e1rea de la Direcci\u00f3n de Rentas dependiente de la Secretar\u00eda de Econom\u00eda y Hacienda brind\u00f3 atenci\u00f3n en la localidad de Gobernador Castro. Durante la actividad, que se desarroll\u00f3 en la Delegaci\u00f3n Municipal, se inform\u00f3 y asesor\u00f3 respecto de todos los tr\u00e1mites que se pueden realizar normalmente en el Palacio Municipal. Adem\u00e1s, los vecinos y vecinas del partido pudieron inscribirse al plan de facilidades de pago que se viene llevando a cabo para regularizar deuda.<\/p>\n\n\n\n<p>Esta actividad se extender\u00e1 a las localidades de R\u00edo Tala, los d\u00edas jueves 2 y viernes 3 de febrero en el horario de 9 a 13 y Santa Luc\u00eda, los d\u00edas jueves 9 y viernes 10 de febrero en el horario de 9 a 13.<\/p>\n\n\n\n<figure class=\"wp-block-image size-large\"><img decoding=\"async\" width=\"1024\" height=\"461\" data-attachment-id=\"114631\" data-permalink=\"https:\/\/eldiariodesanpedro.com.ar\/sitio\/atencion-de-la-direccion-de-rentas-en-las-localidades\/whatsapp-image-2023-02-01-at-08-58-36-1\/\" data-orig-file=\"https:\/\/eldiariodesanpedro.com.ar\/sitio\/wp-content\/uploads\/2023\/02\/WhatsApp-Image-2023-02-01-at-08.58.36-1.jpeg\" data-orig-size=\"1200,540\" data-comments-opened=\"0\" data-image-meta=\"{&quot;aperture&quot;:&quot;0&quot;,&quot;credit&quot;:&quot;&quot;,&quot;camera&quot;:&quot;&quot;,&quot;caption&quot;:&quot;&quot;,&quot;created_timestamp&quot;:&quot;0&quot;,&quot;copyright&quot;:&quot;&quot;,&quot;focal_length&quot;:&quot;0&quot;,&quot;iso&quot;:&quot;0&quot;,&quot;shutter_speed&quot;:&quot;0&quot;,&quot;title&quot;:&quot;&quot;,&quot;orientation&quot;:&quot;0&quot;}\" data-image-title=\"WhatsApp Image 2023-02-01 at 08.58.36 (1)\" data-image-description=\"\" data-image-caption=\"\" data-large-file=\"https:\/\/eldiariodesanpedro.com.ar\/sitio\/wp-content\/uploads\/2023\/02\/WhatsApp-Image-2023-02-01-at-08.58.36-1-1024x461.jpeg\" data-src=\"https:\/\/eldiariodesanpedro.com.ar\/sitio\/wp-content\/uploads\/2023\/02\/WhatsApp-Image-2023-02-01-at-08.58.36-1-1024x461.jpeg\" alt=\"\" class=\"wp-image-114631 lazyload\" data-srcset=\"https:\/\/eldiariodesanpedro.com.ar\/sitio\/wp-content\/uploads\/2023\/02\/WhatsApp-Image-2023-02-01-at-08.58.36-1-1024x461.jpeg 1024w, https:\/\/eldiariodesanpedro.com.ar\/sitio\/wp-content\/uploads\/2023\/02\/WhatsApp-Image-2023-02-01-at-08.58.36-1-300x135.jpeg 300w, https:\/\/eldiariodesanpedro.com.ar\/sitio\/wp-content\/uploads\/2023\/02\/WhatsApp-Image-2023-02-01-at-08.58.36-1-768x346.jpeg 768w, https:\/\/eldiariodesanpedro.com.ar\/sitio\/wp-content\/uploads\/2023\/02\/WhatsApp-Image-2023-02-01-at-08.58.36-1.jpeg 1200w\" data-sizes=\"(max-width: 1024px) 100vw, 1024px\" src=\"data:image\/svg+xml;base64,PHN2ZyB3aWR0aD0iMSIgaGVpZ2h0PSIxIiB4bWxucz0iaHR0cDovL3d3dy53My5vcmcvMjAwMC9zdmciPjwvc3ZnPg==\" style=\"--smush-placeholder-width: 1024px; --smush-placeholder-aspect-ratio: 1024\/461;\" \/><\/figure>\n","protected":false},"excerpt":{"rendered":"<p>Este martes, personal del \u00e1rea de la Direcci\u00f3n de Rentas dependiente de la Secretar\u00eda de Econom\u00eda y Hacienda brind\u00f3 atenci\u00f3n en la localidad de Gobernador Castro. Durante la actividad, que se desarroll\u00f3 en la Delegaci\u00f3n Municipal, se inform\u00f3 y asesor\u00f3 respecto de todos los tr\u00e1mites que se pueden realizar normalmente en el Palacio Municipal. Adem\u00e1s, [&hellip;]<\/p>\n","protected":false},"author":4,"featured_media":114632,"comment_status":"closed","ping_status":"closed","sticky":false,"template":"","format":"standard","meta":{"om_disable_all_campaigns":false,"_jetpack_memberships_contains_paid_content":false,"footnotes":""},"categories":[101,2],"tags":[197,696,33,19],"class_list":["post-114630","post","type-post","status-publish","format-standard","has-post-thumbnail","hentry","category-interes-general-locales","category-locales","tag-buenos-aires","tag-interes-general","tag-locales","tag-san-pedro"],"aioseo_notices":[],"gutentor_comment":0,"jetpack_featured_media_url":"https:\/\/eldiariodesanpedro.com.ar\/sitio\/wp-content\/uploads\/2023\/02\/WhatsApp-Image-2023-02-01-at-08.58.36.jpeg","jetpack_shortlink":"https:\/\/wp.me\/p6RhLt-tOS","jetpack_sharing_enabled":true,"_links":{"self":[{"href":"https:\/\/eldiariodesanpedro.com.ar\/sitio\/wp-json\/wp\/v2\/posts\/114630","targetHints":{"allow":["GET"]}}],"collection":[{"href":"https:\/\/eldiariodesanpedro.com.ar\/sitio\/wp-json\/wp\/v2\/posts"}],"about":[{"href":"https:\/\/eldiariodesanpedro.com.ar\/sitio\/wp-json\/wp\/v2\/types\/post"}],"author":[{"embeddable":true,"href":"https:\/\/eldiariodesanpedro.com.ar\/sitio\/wp-json\/wp\/v2\/users\/4"}],"replies":[{"embeddable":true,"href":"https:\/\/eldiariodesanpedro.com.ar\/sitio\/wp-json\/wp\/v2\/comments?post=114630"}],"version-history":[{"count":1,"href":"https:\/\/eldiariodesanpedro.com.ar\/sitio\/wp-json\/wp\/v2\/posts\/114630\/revisions"}],"predecessor-version":[{"id":114633,"href":"https:\/\/eldiariodesanpedro.com.ar\/sitio\/wp-json\/wp\/v2\/posts\/114630\/revisions\/114633"}],"wp:featuredmedia":[{"embeddable":true,"href":"https:\/\/eldiariodesanpedro.com.ar\/sitio\/wp-json\/wp\/v2\/media\/114632"}],"wp:attachment":[{"href":"https:\/\/eldiariodesanpedro.com.ar\/sitio\/wp-json\/wp\/v2\/media?parent=114630"}],"wp:term":[{"taxonomy":"category","embeddable":true,"href":"https:\/\/eldiariodesanpedro.com.ar\/sitio\/wp-json\/wp\/v2\/categories?post=114630"},{"taxonomy":"post_tag","embeddable":true,"href":"https:\/\/eldiariodesanpedro.com.ar\/sitio\/wp-json\/wp\/v2\/tags?post=114630"}],"curies":[{"name":"wp","href":"https:\/\/api.w.org\/{rel}","templated":true}]}}