{"id":114627,"date":"2023-02-01T11:23:55","date_gmt":"2023-02-01T14:23:55","guid":{"rendered":"https:\/\/eldiariodesanpedro.com.ar\/sitio\/?p=114627"},"modified":"2023-02-01T11:23:57","modified_gmt":"2023-02-01T14:23:57","slug":"san-pedro-tiene-casi-70-mil-habitantes-segun-el-censo-2022","status":"publish","type":"post","link":"https:\/\/eldiariodesanpedro.com.ar\/sitio\/san-pedro-tiene-casi-70-mil-habitantes-segun-el-censo-2022\/","title":{"rendered":"San Pedro tiene casi 70 mil habitantes seg\u00fan el Censo 2022"},"content":{"rendered":"<!-- VideographyWP Plugin Message: Automatic video embedding prevented by plugin options. -->\n\n<p>El INDEC dio los resultados provisionales del Censo 2022. En nuestra ciudad viven 69.616, en la provincia de Buenos Aires habitan m\u00e1s de 17 millones de habitantes.<\/p>\n\n\n\n<p>El Instituto Nacional de Estad\u00edsticas y Censos (INDEC) inform\u00f3 este martes los resultados provisionales del Censo 2022. La medici\u00f3n determin\u00f3 que en\u00a0Argentina viven 46.044.703 habitantes, de los cuales\u00a0<strong>17.569.053 de personas pertenecen en la provincia de Buenos Aires.<\/strong><\/p>\n\n\n\n<p>Otro de los datos relevantes del estudio es que&nbsp;<strong>10.865.182 de los bonaerenses viven en los 24 distritos del Conurbano&nbsp;<\/strong>mientras que&nbsp;<strong>6.703.871<\/strong>&nbsp;lo hacen en el<strong>&nbsp;interior bonaerense.<\/strong><\/p>\n\n\n\n<p>En San Pedro viven 69.616 personas de los cuales&nbsp;35.388 son mujeres (51,36 %) y&nbsp;33.697 varones.<\/p>\n\n\n\n<p>Entre el Censo presencial y el digital, se registraron 25.900 viviendas.&nbsp;<\/p>\n\n\n\n<p>San Pedro es la ciudad que mayor cantidad de habitantes tiene con respecto a otras ciudades en la regi\u00f3n. Por ejemplo, Baradero registr\u00f3&nbsp;38.526, Ramallo 39.116, Arrecifes 32.405, Capit\u00e1n Sarmiento 15.906, Salto 40.157, Rojas 25.290, San Andr\u00e9s de Giles 26.474, San Antonio de Areco 26.671, entre otras localidades. Solamente es superada por San Nicol\u00e1s que registr\u00f3 165.375 y Z\u00e1rate 132.087.<\/p>\n","protected":false},"excerpt":{"rendered":"<p>El INDEC dio los resultados provisionales del Censo 2022. En nuestra ciudad viven 69.616, en la provincia de Buenos Aires habitan m\u00e1s de 17 millones de habitantes. El Instituto Nacional de Estad\u00edsticas y Censos (INDEC) inform\u00f3 este martes los resultados provisionales del Censo 2022. La medici\u00f3n determin\u00f3 que en\u00a0Argentina viven 46.044.703 habitantes, de los cuales\u00a017.569.053 [&hellip;]<\/p>\n","protected":false},"author":4,"featured_media":114628,"comment_status":"closed","ping_status":"closed","sticky":false,"template":"","format":"standard","meta":{"om_disable_all_campaigns":false,"_jetpack_memberships_contains_paid_content":false,"footnotes":""},"categories":[50,101,2],"tags":[197,696,33,19],"class_list":["post-114627","post","type-post","status-publish","format-standard","has-post-thumbnail","hentry","category-destacadas","category-interes-general-locales","category-locales","tag-buenos-aires","tag-interes-general","tag-locales","tag-san-pedro"],"aioseo_notices":[],"gutentor_comment":0,"jetpack_featured_media_url":"https:\/\/eldiariodesanpedro.com.ar\/sitio\/wp-content\/uploads\/2023\/02\/0000021602-resized-1920x1080-1.jpg","jetpack_shortlink":"https:\/\/wp.me\/p6RhLt-tOP","jetpack_sharing_enabled":true,"_links":{"self":[{"href":"https:\/\/eldiariodesanpedro.com.ar\/sitio\/wp-json\/wp\/v2\/posts\/114627","targetHints":{"allow":["GET"]}}],"collection":[{"href":"https:\/\/eldiariodesanpedro.com.ar\/sitio\/wp-json\/wp\/v2\/posts"}],"about":[{"href":"https:\/\/eldiariodesanpedro.com.ar\/sitio\/wp-json\/wp\/v2\/types\/post"}],"author":[{"embeddable":true,"href":"https:\/\/eldiariodesanpedro.com.ar\/sitio\/wp-json\/wp\/v2\/users\/4"}],"replies":[{"embeddable":true,"href":"https:\/\/eldiariodesanpedro.com.ar\/sitio\/wp-json\/wp\/v2\/comments?post=114627"}],"version-history":[{"count":1,"href":"https:\/\/eldiariodesanpedro.com.ar\/sitio\/wp-json\/wp\/v2\/posts\/114627\/revisions"}],"predecessor-version":[{"id":114629,"href":"https:\/\/eldiariodesanpedro.com.ar\/sitio\/wp-json\/wp\/v2\/posts\/114627\/revisions\/114629"}],"wp:featuredmedia":[{"embeddable":true,"href":"https:\/\/eldiariodesanpedro.com.ar\/sitio\/wp-json\/wp\/v2\/media\/114628"}],"wp:attachment":[{"href":"https:\/\/eldiariodesanpedro.com.ar\/sitio\/wp-json\/wp\/v2\/media?parent=114627"}],"wp:term":[{"taxonomy":"category","embeddable":true,"href":"https:\/\/eldiariodesanpedro.com.ar\/sitio\/wp-json\/wp\/v2\/categories?post=114627"},{"taxonomy":"post_tag","embeddable":true,"href":"https:\/\/eldiariodesanpedro.com.ar\/sitio\/wp-json\/wp\/v2\/tags?post=114627"}],"curies":[{"name":"wp","href":"https:\/\/api.w.org\/{rel}","templated":true}]}}