{"id":114620,"date":"2023-01-31T14:42:10","date_gmt":"2023-01-31T17:42:10","guid":{"rendered":"https:\/\/eldiariodesanpedro.com.ar\/sitio\/?p=114620"},"modified":"2023-01-31T14:42:12","modified_gmt":"2023-01-31T17:42:12","slug":"dos-delincuentes-aprehendidos-por-robos-en-la-modalidad-de-motochorros","status":"publish","type":"post","link":"https:\/\/eldiariodesanpedro.com.ar\/sitio\/dos-delincuentes-aprehendidos-por-robos-en-la-modalidad-de-motochorros\/","title":{"rendered":"Dos delincuentes aprehendidos por robos en la modalidad de motochorros"},"content":{"rendered":"<!-- VideographyWP Plugin Message: Automatic video embedding prevented by plugin options. -->\n\n<p>En relaci\u00f3n a un hecho ocurrido el d\u00eda s\u00e1bado pasado donde un masculino de 37 a\u00f1os de edad, denuncia la sustracci\u00f3n de un tel\u00e9fono celular y dinero en efectivo en v\u00eda publica, siendo interceptado por dos masculinos a bordo de una motocicleta 110cc, se solicit\u00f3 orden de detenci\u00f3n la cual fue otorgada por el Juzgado de Garant\u00edas en turno y llevada a cabo en el d\u00eda de la fecha, efectu\u00e1ndose la detenci\u00f3n de los dos masculinos sindicados como autores, los cuales permanecen alojados en esta dependencia policial.<\/p>\n\n\n\n<p>Se secuestraron elementos de prueba como prendas de vestir y el veh\u00edculo utilizado para cometer el il\u00edcito<\/p>\n","protected":false},"excerpt":{"rendered":"<p>En relaci\u00f3n a un hecho ocurrido el d\u00eda s\u00e1bado pasado donde un masculino de 37 a\u00f1os de edad, denuncia la sustracci\u00f3n de un tel\u00e9fono celular y dinero en efectivo en v\u00eda publica, siendo interceptado por dos masculinos a bordo de una motocicleta 110cc, se solicit\u00f3 orden de detenci\u00f3n la cual fue otorgada por el Juzgado [&hellip;]<\/p>\n","protected":false},"author":4,"featured_media":114621,"comment_status":"closed","ping_status":"closed","sticky":false,"template":"","format":"standard","meta":{"om_disable_all_campaigns":false,"_jetpack_memberships_contains_paid_content":false,"footnotes":""},"categories":[2,103],"tags":[197,33,95,19],"class_list":["post-114620","post","type-post","status-publish","format-standard","has-post-thumbnail","hentry","category-locales","category-policiales-locales","tag-buenos-aires","tag-locales","tag-policiales","tag-san-pedro"],"aioseo_notices":[],"gutentor_comment":0,"jetpack_featured_media_url":"https:\/\/eldiariodesanpedro.com.ar\/sitio\/wp-content\/uploads\/2023\/01\/medida-2-39.jpg","jetpack_shortlink":"https:\/\/wp.me\/p6RhLt-tOI","jetpack_sharing_enabled":true,"_links":{"self":[{"href":"https:\/\/eldiariodesanpedro.com.ar\/sitio\/wp-json\/wp\/v2\/posts\/114620","targetHints":{"allow":["GET"]}}],"collection":[{"href":"https:\/\/eldiariodesanpedro.com.ar\/sitio\/wp-json\/wp\/v2\/posts"}],"about":[{"href":"https:\/\/eldiariodesanpedro.com.ar\/sitio\/wp-json\/wp\/v2\/types\/post"}],"author":[{"embeddable":true,"href":"https:\/\/eldiariodesanpedro.com.ar\/sitio\/wp-json\/wp\/v2\/users\/4"}],"replies":[{"embeddable":true,"href":"https:\/\/eldiariodesanpedro.com.ar\/sitio\/wp-json\/wp\/v2\/comments?post=114620"}],"version-history":[{"count":1,"href":"https:\/\/eldiariodesanpedro.com.ar\/sitio\/wp-json\/wp\/v2\/posts\/114620\/revisions"}],"predecessor-version":[{"id":114622,"href":"https:\/\/eldiariodesanpedro.com.ar\/sitio\/wp-json\/wp\/v2\/posts\/114620\/revisions\/114622"}],"wp:featuredmedia":[{"embeddable":true,"href":"https:\/\/eldiariodesanpedro.com.ar\/sitio\/wp-json\/wp\/v2\/media\/114621"}],"wp:attachment":[{"href":"https:\/\/eldiariodesanpedro.com.ar\/sitio\/wp-json\/wp\/v2\/media?parent=114620"}],"wp:term":[{"taxonomy":"category","embeddable":true,"href":"https:\/\/eldiariodesanpedro.com.ar\/sitio\/wp-json\/wp\/v2\/categories?post=114620"},{"taxonomy":"post_tag","embeddable":true,"href":"https:\/\/eldiariodesanpedro.com.ar\/sitio\/wp-json\/wp\/v2\/tags?post=114620"}],"curies":[{"name":"wp","href":"https:\/\/api.w.org\/{rel}","templated":true}]}}