{"id":114609,"date":"2023-01-31T12:11:54","date_gmt":"2023-01-31T15:11:54","guid":{"rendered":"https:\/\/eldiariodesanpedro.com.ar\/sitio\/?p=114609"},"modified":"2023-01-31T12:11:56","modified_gmt":"2023-01-31T15:11:56","slug":"un-joven-asaltado-en-la-via-publica-por-motochorros-en-la-madrugada-del-domingo","status":"publish","type":"post","link":"https:\/\/eldiariodesanpedro.com.ar\/sitio\/un-joven-asaltado-en-la-via-publica-por-motochorros-en-la-madrugada-del-domingo\/","title":{"rendered":"Un joven asaltado en la v\u00eda p\u00fablica por motochorros en la madrugada del domingo"},"content":{"rendered":"<!-- VideographyWP Plugin Message: Automatic video embedding prevented by plugin options. -->\n\n<p>El hecho ocurri\u00f3 el pasado mingo en horas de la madrugada cuando un joven que caminaba por la v\u00eda publica fue abordado por delincuentes que le sustrajeron sus pertenencias.<\/p>\n\n\n\n<p>El lugar donde sucedi\u00f3 fue en calle Caseros al 900 donde una c\u00e1mara de seguridad de un vecino pudo retratar el momento cuando un joven mayor de edad que caminaba por la calle es abordado por dos delincuentes que circulaban en una motocicleta.<\/p>\n\n\n\n<p>Seg\u00fan se pudo constatar al joven le robaron su tel\u00e9fono celular y no opuso resistencia alguna por lo que no sufri\u00f3 heridas.<\/p>\n\n\n\n<iframe data-src=\"https:\/\/www.facebook.com\/plugins\/video.php?height=314&#038;href=https%3A%2F%2Fwww.facebook.com%2Fdiariosp2%2Fvideos%2F1883474878674071%2F&#038;show_text=false&#038;width=560&#038;t=0\" width=\"560\" height=\"314\" style=\"border:none;overflow:hidden\" scrolling=\"no\" frameborder=\"0\" allowfullscreen=\"true\" allow=\"autoplay; clipboard-write; encrypted-media; picture-in-picture; web-share\" allowFullScreen=\"true\" src=\"data:image\/svg+xml;base64,PHN2ZyB3aWR0aD0iMSIgaGVpZ2h0PSIxIiB4bWxucz0iaHR0cDovL3d3dy53My5vcmcvMjAwMC9zdmciPjwvc3ZnPg==\" class=\"lazyload\" data-load-mode=\"1\"><\/iframe>\n","protected":false},"excerpt":{"rendered":"<p>El hecho ocurri\u00f3 el pasado mingo en horas de la madrugada cuando un joven que caminaba por la v\u00eda publica fue abordado por delincuentes que le sustrajeron sus pertenencias. El lugar donde sucedi\u00f3 fue en calle Caseros al 900 donde una c\u00e1mara de seguridad de un vecino pudo retratar el momento cuando un joven mayor [&hellip;]<\/p>\n","protected":false},"author":4,"featured_media":114610,"comment_status":"closed","ping_status":"closed","sticky":false,"template":"","format":"standard","meta":{"om_disable_all_campaigns":false,"_jetpack_memberships_contains_paid_content":false,"footnotes":""},"categories":[50,2,103],"tags":[197,33,95,19],"class_list":["post-114609","post","type-post","status-publish","format-standard","has-post-thumbnail","hentry","category-destacadas","category-locales","category-policiales-locales","tag-buenos-aires","tag-locales","tag-policiales","tag-san-pedro"],"aioseo_notices":[],"gutentor_comment":0,"jetpack_featured_media_url":"https:\/\/eldiariodesanpedro.com.ar\/sitio\/wp-content\/uploads\/2023\/01\/medida-2-38.jpg","jetpack_shortlink":"https:\/\/wp.me\/p6RhLt-tOx","jetpack_sharing_enabled":true,"_links":{"self":[{"href":"https:\/\/eldiariodesanpedro.com.ar\/sitio\/wp-json\/wp\/v2\/posts\/114609","targetHints":{"allow":["GET"]}}],"collection":[{"href":"https:\/\/eldiariodesanpedro.com.ar\/sitio\/wp-json\/wp\/v2\/posts"}],"about":[{"href":"https:\/\/eldiariodesanpedro.com.ar\/sitio\/wp-json\/wp\/v2\/types\/post"}],"author":[{"embeddable":true,"href":"https:\/\/eldiariodesanpedro.com.ar\/sitio\/wp-json\/wp\/v2\/users\/4"}],"replies":[{"embeddable":true,"href":"https:\/\/eldiariodesanpedro.com.ar\/sitio\/wp-json\/wp\/v2\/comments?post=114609"}],"version-history":[{"count":1,"href":"https:\/\/eldiariodesanpedro.com.ar\/sitio\/wp-json\/wp\/v2\/posts\/114609\/revisions"}],"predecessor-version":[{"id":114611,"href":"https:\/\/eldiariodesanpedro.com.ar\/sitio\/wp-json\/wp\/v2\/posts\/114609\/revisions\/114611"}],"wp:featuredmedia":[{"embeddable":true,"href":"https:\/\/eldiariodesanpedro.com.ar\/sitio\/wp-json\/wp\/v2\/media\/114610"}],"wp:attachment":[{"href":"https:\/\/eldiariodesanpedro.com.ar\/sitio\/wp-json\/wp\/v2\/media?parent=114609"}],"wp:term":[{"taxonomy":"category","embeddable":true,"href":"https:\/\/eldiariodesanpedro.com.ar\/sitio\/wp-json\/wp\/v2\/categories?post=114609"},{"taxonomy":"post_tag","embeddable":true,"href":"https:\/\/eldiariodesanpedro.com.ar\/sitio\/wp-json\/wp\/v2\/tags?post=114609"}],"curies":[{"name":"wp","href":"https:\/\/api.w.org\/{rel}","templated":true}]}}