{"id":114606,"date":"2023-01-31T11:28:42","date_gmt":"2023-01-31T14:28:42","guid":{"rendered":"https:\/\/eldiariodesanpedro.com.ar\/sitio\/?p=114606"},"modified":"2023-01-31T11:28:44","modified_gmt":"2023-01-31T14:28:44","slug":"sequia-la-provincia-prorrogo-la-emergencia-agropecuaria","status":"publish","type":"post","link":"https:\/\/eldiariodesanpedro.com.ar\/sitio\/sequia-la-provincia-prorrogo-la-emergencia-agropecuaria\/","title":{"rendered":"Sequ\u00eda: La provincia prorrog\u00f3 la emergencia agropecuaria"},"content":{"rendered":"<!-- VideographyWP Plugin Message: Automatic video embedding prevented by plugin options. -->\n\n<p>El gobierno de Axel Kicillof prorrog\u00f3 hasta el 31 de marzo del estado de emergencia y desastre agropecuario por sequ\u00eda. El listado de municipios.<\/p>\n\n\n\n<p>El Gobierno de la provincia de Buenos Aires prorrog\u00f3 hasta el 31 de marzo del estado de emergencia y\/o desastre agropecuario por sequ\u00eda en 53 partidos bonaerenses e incorpor\u00f3 otros 9 distritos a la declaraci\u00f3n.<\/p>\n\n\n\n<p>La determinaci\u00f3n fue formalizada mediante los decretos 121\/2023 y 122\/2023, publicados este lunes en el Bolet\u00edn Oficial.<\/p>\n\n\n\n<p>La decisi\u00f3n se debe a que los datos climatol\u00f3gicos y ambientales evaluados en la \u00faltima reuni\u00f3n de la Comisi\u00f3n de Emergencia y Desastre Agropecuario de la provincia de Buenos Aires (CEDABA) no mostraron mejoras significativas respecto de los estudios previos considerados para las declaraciones de emergencia, y a la afectaci\u00f3n sobre los cultivos de invierno y los forrajes, que impacta sobre la actividad de los tambos y la ganader\u00eda.<\/p>\n\n\n\n<p>\u201cSi bien las lluvias recientes mejoran el panorama, hay que tener en cuenta que la recuperaci\u00f3n de los cultivos y la disponibilidad de forrajes, necesarios para muchas actividades agropecuarias, no es inmediata; por lo que esta pr\u00f3rroga es muy importante no s\u00f3lo para la agricultura sino tambi\u00e9n para el resto de las producciones que se vieron afectadas tambi\u00e9n por la sequ\u00eda, como la producci\u00f3n tambera o la ganadera\u201d, destac\u00f3 el ministro de Desarrollo Agrario de la provincia de Buenos Aires, Javier Rodr\u00edguez.<\/p>\n\n\n\n<p>El listado de municipios en Emergencia Agropecuaria<br>Se mantendr\u00e1 el estado de emergencia hasta el 31 de marzo en los partidos de Arrecifes, Baradero, Capit\u00e1n Sarmiento, Carmen de Areco, Chacabuco, Col\u00f3n, Exaltaci\u00f3n de la Cruz, General Arenales, Jun\u00edn, Ramallo, Rojas, Salto, San Andr\u00e9s de Giles, San Antonio de Areco, San Nicol\u00e1s, San Pedro, Ayacucho, Brandsen, Chascom\u00fas, Dolores, General Guido, General Madariaga, General Las Heras, General Paz<\/p>\n\n\n\n<p>Tambi\u00e9n La Plata, Laprida, Luj\u00e1n, Magdalena, Maip\u00fa, Pila, Punta Indio, Rauch, San Vicente, Tordillo, Alberti, Bragado, Chivilcoy, Lobos, Mercedes, Monte, Roque P\u00e9rez, Navarro, Suipacha, 9 de Julio, General Viamonte, Lincoln, Leandro N. Alem, Guamin\u00ed, General La Madrid, Balcarce, las circunscripciones II, III, IV, X, XI y XII del partido de Tandil, General Rodr\u00edguez y Pergamino.<\/p>\n\n\n\n<p>Adem\u00e1s, el Ejecutivo provincial declar\u00f3 el estado de Emergencia y\/o Desastre Agropecuario por sequ\u00eda en los partidos de Castelli, por el per\u00edodo entre el 1\/7\/2022 y el 31\/3\/2023; Marcos Paz, del 1\/7\/2022 al 31\/3\/2023; Ca\u00f1uelas, del 1\/12\/2022 al 31\/3\/2023; General Belgrano, entre el 1\/9\/2022 y el 31\/3\/2023; Lezama, del 1\/10\/2022 al 31\/3\/2023; Campana, del 1\/12\/2022 al 31\/3\/2023; 25 de Mayo, del 1\/7\/2022 al 31\/3\/2023; Las Flores, entre el 1\/12\/2022 y el 31\/3\/2023; y en las Circunscripciones II, III, IV, V, VII, VIII y XII del partido de Saavedra, por el lapso que va del 1\/7\/2022 al 31\/3\/2023.<\/p>\n\n\n\n<p>Cabe destacar que en el \u00faltimo encuentro de la CEDABA, el 11 de enero pasado, se inform\u00f3 sobre un nuevo sistema de Emergencia Agropecuaria que agiliza la presentaci\u00f3n de las declaraciones juradas por parte de los productores, permitiendo una trazabilidad desde el comienzo de la solicitud realizada por el municipio hasta la emisi\u00f3n del certificado del Ministerio de Desarrollo Agrario.<\/p>\n\n\n\n<p>Seg\u00fan establece la ley, aquellos productores que hubieran visto afectado entre el 50% y el 79% de su producci\u00f3n o capacidad de producci\u00f3n son considerados en estado de Emergencia Agropecuaria y se les otorgar\u00e1 una pr\u00f3rroga del pago del impuesto Inmobiliario Rural.En tanto, aquellos productores que hayan sufrido una afectaci\u00f3n de entre 80% y 100% entran en la categor\u00eda de Desastre Agropecuario y ser\u00e1n eximidos del pago del impuesto rural, en proporci\u00f3n al porcentaje de afectaci\u00f3n.<\/p>\n\n\n\n<p>Adem\u00e1s, el Gobierno provincial record\u00f3 que puso a disposici\u00f3n distintas l\u00edneas de financiamiento para mitigar el impacto de la emergencia clim\u00e1tica que afect\u00f3 a estas regiones, destinadas principalmente a peque\u00f1os y medianos productores.<\/p>\n\n\n\n<p>Fuente: Info Cielo<\/p>\n","protected":false},"excerpt":{"rendered":"<p>El gobierno de Axel Kicillof prorrog\u00f3 hasta el 31 de marzo del estado de emergencia y desastre agropecuario por sequ\u00eda. El listado de municipios. El Gobierno de la provincia de Buenos Aires prorrog\u00f3 hasta el 31 de marzo del estado de emergencia y\/o desastre agropecuario por sequ\u00eda en 53 partidos bonaerenses e incorpor\u00f3 otros 9 [&hellip;]<\/p>\n","protected":false},"author":4,"featured_media":114607,"comment_status":"closed","ping_status":"closed","sticky":false,"template":"","format":"standard","meta":{"om_disable_all_campaigns":false,"_jetpack_memberships_contains_paid_content":false,"footnotes":""},"categories":[50,101,2],"tags":[197,696,33,19],"class_list":["post-114606","post","type-post","status-publish","format-standard","has-post-thumbnail","hentry","category-destacadas","category-interes-general-locales","category-locales","tag-buenos-aires","tag-interes-general","tag-locales","tag-san-pedro"],"aioseo_notices":[],"gutentor_comment":0,"jetpack_featured_media_url":"https:\/\/eldiariodesanpedro.com.ar\/sitio\/wp-content\/uploads\/2023\/01\/0000021600-resized-1920x1080-1.jpg","jetpack_shortlink":"https:\/\/wp.me\/p6RhLt-tOu","jetpack_sharing_enabled":true,"_links":{"self":[{"href":"https:\/\/eldiariodesanpedro.com.ar\/sitio\/wp-json\/wp\/v2\/posts\/114606","targetHints":{"allow":["GET"]}}],"collection":[{"href":"https:\/\/eldiariodesanpedro.com.ar\/sitio\/wp-json\/wp\/v2\/posts"}],"about":[{"href":"https:\/\/eldiariodesanpedro.com.ar\/sitio\/wp-json\/wp\/v2\/types\/post"}],"author":[{"embeddable":true,"href":"https:\/\/eldiariodesanpedro.com.ar\/sitio\/wp-json\/wp\/v2\/users\/4"}],"replies":[{"embeddable":true,"href":"https:\/\/eldiariodesanpedro.com.ar\/sitio\/wp-json\/wp\/v2\/comments?post=114606"}],"version-history":[{"count":1,"href":"https:\/\/eldiariodesanpedro.com.ar\/sitio\/wp-json\/wp\/v2\/posts\/114606\/revisions"}],"predecessor-version":[{"id":114608,"href":"https:\/\/eldiariodesanpedro.com.ar\/sitio\/wp-json\/wp\/v2\/posts\/114606\/revisions\/114608"}],"wp:featuredmedia":[{"embeddable":true,"href":"https:\/\/eldiariodesanpedro.com.ar\/sitio\/wp-json\/wp\/v2\/media\/114607"}],"wp:attachment":[{"href":"https:\/\/eldiariodesanpedro.com.ar\/sitio\/wp-json\/wp\/v2\/media?parent=114606"}],"wp:term":[{"taxonomy":"category","embeddable":true,"href":"https:\/\/eldiariodesanpedro.com.ar\/sitio\/wp-json\/wp\/v2\/categories?post=114606"},{"taxonomy":"post_tag","embeddable":true,"href":"https:\/\/eldiariodesanpedro.com.ar\/sitio\/wp-json\/wp\/v2\/tags?post=114606"}],"curies":[{"name":"wp","href":"https:\/\/api.w.org\/{rel}","templated":true}]}}