{"id":114603,"date":"2023-01-31T11:20:33","date_gmt":"2023-01-31T14:20:33","guid":{"rendered":"https:\/\/eldiariodesanpedro.com.ar\/sitio\/?p=114603"},"modified":"2023-01-31T11:20:34","modified_gmt":"2023-01-31T14:20:34","slug":"nahuel-duarte-el-joven-grave-tras-chocar-en-motocicleta-fallecio-en-la-jornada-de-ayer","status":"publish","type":"post","link":"https:\/\/eldiariodesanpedro.com.ar\/sitio\/nahuel-duarte-el-joven-grave-tras-chocar-en-motocicleta-fallecio-en-la-jornada-de-ayer\/","title":{"rendered":"Nahuel Duarte el joven grave tras chocar en motocicleta falleci\u00f3 en la jornada de ayer"},"content":{"rendered":"<!-- VideographyWP Plugin Message: Automatic video embedding prevented by plugin options. -->\n\n<p>El joven de 20 a\u00f1os hab\u00eda tenido un accidente el pasado 19 de enero. Se encontraba internado en Pergamino.<\/p>\n\n\n\n<p>En la jornada de este lunes falleci\u00f3 Nahuel Duarte, el joven de 20 a\u00f1os hab\u00eda protagonizado un grave accidente el pasado 19 de enero cuando manejaba una moto.<\/p>\n\n\n\n<p>La colisi\u00f3n entre el rodado que conduc\u00eda y una camioneta se produjo en 11 de Septiembre y Simonino. Producto del siniestro Duarte sufri\u00f3 graves lesiones, principalmente en la zona de la cabeza.<\/p>\n\n\n\n<p>Su cuadro fue grave desde su ingreso a la guardia, lo derivaron a un centro de mayor complejidad al de Pergamino y all\u00ed se encontraba con asistencia respiratoria en terapia intensiva, hasta su deceso.<\/p>\n","protected":false},"excerpt":{"rendered":"<p>El joven de 20 a\u00f1os hab\u00eda tenido un accidente el pasado 19 de enero. Se encontraba internado en Pergamino. En la jornada de este lunes falleci\u00f3 Nahuel Duarte, el joven de 20 a\u00f1os hab\u00eda protagonizado un grave accidente el pasado 19 de enero cuando manejaba una moto. La colisi\u00f3n entre el rodado que conduc\u00eda y [&hellip;]<\/p>\n","protected":false},"author":4,"featured_media":114604,"comment_status":"closed","ping_status":"closed","sticky":false,"template":"","format":"standard","meta":{"om_disable_all_campaigns":false,"_jetpack_memberships_contains_paid_content":false,"footnotes":""},"categories":[50,2,103],"tags":[197,33,95,19],"class_list":["post-114603","post","type-post","status-publish","format-standard","has-post-thumbnail","hentry","category-destacadas","category-locales","category-policiales-locales","tag-buenos-aires","tag-locales","tag-policiales","tag-san-pedro"],"aioseo_notices":[],"gutentor_comment":0,"jetpack_featured_media_url":"https:\/\/eldiariodesanpedro.com.ar\/sitio\/wp-content\/uploads\/2023\/01\/medida-2-37.jpg","jetpack_shortlink":"https:\/\/wp.me\/p6RhLt-tOr","jetpack_sharing_enabled":true,"_links":{"self":[{"href":"https:\/\/eldiariodesanpedro.com.ar\/sitio\/wp-json\/wp\/v2\/posts\/114603","targetHints":{"allow":["GET"]}}],"collection":[{"href":"https:\/\/eldiariodesanpedro.com.ar\/sitio\/wp-json\/wp\/v2\/posts"}],"about":[{"href":"https:\/\/eldiariodesanpedro.com.ar\/sitio\/wp-json\/wp\/v2\/types\/post"}],"author":[{"embeddable":true,"href":"https:\/\/eldiariodesanpedro.com.ar\/sitio\/wp-json\/wp\/v2\/users\/4"}],"replies":[{"embeddable":true,"href":"https:\/\/eldiariodesanpedro.com.ar\/sitio\/wp-json\/wp\/v2\/comments?post=114603"}],"version-history":[{"count":1,"href":"https:\/\/eldiariodesanpedro.com.ar\/sitio\/wp-json\/wp\/v2\/posts\/114603\/revisions"}],"predecessor-version":[{"id":114605,"href":"https:\/\/eldiariodesanpedro.com.ar\/sitio\/wp-json\/wp\/v2\/posts\/114603\/revisions\/114605"}],"wp:featuredmedia":[{"embeddable":true,"href":"https:\/\/eldiariodesanpedro.com.ar\/sitio\/wp-json\/wp\/v2\/media\/114604"}],"wp:attachment":[{"href":"https:\/\/eldiariodesanpedro.com.ar\/sitio\/wp-json\/wp\/v2\/media?parent=114603"}],"wp:term":[{"taxonomy":"category","embeddable":true,"href":"https:\/\/eldiariodesanpedro.com.ar\/sitio\/wp-json\/wp\/v2\/categories?post=114603"},{"taxonomy":"post_tag","embeddable":true,"href":"https:\/\/eldiariodesanpedro.com.ar\/sitio\/wp-json\/wp\/v2\/tags?post=114603"}],"curies":[{"name":"wp","href":"https:\/\/api.w.org\/{rel}","templated":true}]}}