{"id":114601,"date":"2023-01-31T10:52:32","date_gmt":"2023-01-31T13:52:32","guid":{"rendered":"https:\/\/eldiariodesanpedro.com.ar\/sitio\/?p=114601"},"modified":"2023-01-31T10:52:35","modified_gmt":"2023-01-31T13:52:35","slug":"programa-mi-pieza-en-bajo-tala","status":"publish","type":"post","link":"https:\/\/eldiariodesanpedro.com.ar\/sitio\/programa-mi-pieza-en-bajo-tala\/","title":{"rendered":"Programa \u00abMi Pieza\u00bb en Bajo Tala"},"content":{"rendered":"<!-- VideographyWP Plugin Message: Automatic video embedding prevented by plugin options. -->\n\n<p>La Direcci\u00f3n de Comisiones de Fomento dependiente de la Secretar\u00eda de Desarrollo Humano invita a la reuni\u00f3n de asesoramiento sobre el programa \u201cMi Pieza\u201d que tendr\u00e1 lugar el d\u00eda mi\u00e9rcoles 1 de febrero a las 9.30 hs. en el Centro de Salud de Bajo Tala.<\/p>\n\n\n\n<p>\u201cMi Pieza\u201d es un programa destinado a mujeres mayores de 18 a\u00f1os residentes en barrios populares del RENABAP que brinda asistencia econ\u00f3mica para refacciones, mejoras y\/o ampliaciones de la vivienda. Quienes concurran a la reuni\u00f3n, deber\u00e1n hacerlo con DNI.<\/p>\n","protected":false},"excerpt":{"rendered":"<p>La Direcci\u00f3n de Comisiones de Fomento dependiente de la Secretar\u00eda de Desarrollo Humano invita a la reuni\u00f3n de asesoramiento sobre el programa \u201cMi Pieza\u201d que tendr\u00e1 lugar el d\u00eda mi\u00e9rcoles 1 de febrero a las 9.30 hs. en el Centro de Salud de Bajo Tala. \u201cMi Pieza\u201d es un programa destinado a mujeres mayores de [&hellip;]<\/p>\n","protected":false},"author":4,"featured_media":114545,"comment_status":"closed","ping_status":"closed","sticky":false,"template":"","format":"standard","meta":{"om_disable_all_campaigns":false,"_jetpack_memberships_contains_paid_content":false,"footnotes":""},"categories":[101,2],"tags":[197,696,33,19],"class_list":["post-114601","post","type-post","status-publish","format-standard","has-post-thumbnail","hentry","category-interes-general-locales","category-locales","tag-buenos-aires","tag-interes-general","tag-locales","tag-san-pedro"],"aioseo_notices":[],"gutentor_comment":0,"jetpack_featured_media_url":"https:\/\/eldiariodesanpedro.com.ar\/sitio\/wp-content\/uploads\/2023\/01\/programa-mi-pieza-para-mejoras-r.jpg","jetpack_shortlink":"https:\/\/wp.me\/p6RhLt-tOp","jetpack_sharing_enabled":true,"_links":{"self":[{"href":"https:\/\/eldiariodesanpedro.com.ar\/sitio\/wp-json\/wp\/v2\/posts\/114601","targetHints":{"allow":["GET"]}}],"collection":[{"href":"https:\/\/eldiariodesanpedro.com.ar\/sitio\/wp-json\/wp\/v2\/posts"}],"about":[{"href":"https:\/\/eldiariodesanpedro.com.ar\/sitio\/wp-json\/wp\/v2\/types\/post"}],"author":[{"embeddable":true,"href":"https:\/\/eldiariodesanpedro.com.ar\/sitio\/wp-json\/wp\/v2\/users\/4"}],"replies":[{"embeddable":true,"href":"https:\/\/eldiariodesanpedro.com.ar\/sitio\/wp-json\/wp\/v2\/comments?post=114601"}],"version-history":[{"count":1,"href":"https:\/\/eldiariodesanpedro.com.ar\/sitio\/wp-json\/wp\/v2\/posts\/114601\/revisions"}],"predecessor-version":[{"id":114602,"href":"https:\/\/eldiariodesanpedro.com.ar\/sitio\/wp-json\/wp\/v2\/posts\/114601\/revisions\/114602"}],"wp:featuredmedia":[{"embeddable":true,"href":"https:\/\/eldiariodesanpedro.com.ar\/sitio\/wp-json\/wp\/v2\/media\/114545"}],"wp:attachment":[{"href":"https:\/\/eldiariodesanpedro.com.ar\/sitio\/wp-json\/wp\/v2\/media?parent=114601"}],"wp:term":[{"taxonomy":"category","embeddable":true,"href":"https:\/\/eldiariodesanpedro.com.ar\/sitio\/wp-json\/wp\/v2\/categories?post=114601"},{"taxonomy":"post_tag","embeddable":true,"href":"https:\/\/eldiariodesanpedro.com.ar\/sitio\/wp-json\/wp\/v2\/tags?post=114601"}],"curies":[{"name":"wp","href":"https:\/\/api.w.org\/{rel}","templated":true}]}}