{"id":114594,"date":"2023-01-31T10:44:47","date_gmt":"2023-01-31T13:44:47","guid":{"rendered":"https:\/\/eldiariodesanpedro.com.ar\/sitio\/?p=114594"},"modified":"2023-01-31T10:44:48","modified_gmt":"2023-01-31T13:44:48","slug":"el-centro-de-salud-intercultural-de-san-pedro-planifica-sus-actividades-2023","status":"publish","type":"post","link":"https:\/\/eldiariodesanpedro.com.ar\/sitio\/el-centro-de-salud-intercultural-de-san-pedro-planifica-sus-actividades-2023\/","title":{"rendered":"El Centro de Salud Intercultural de San Pedro planifica sus actividades 2023"},"content":{"rendered":"<!-- VideographyWP Plugin Message: Automatic video embedding prevented by plugin options. -->\n\n<p>Con una visita del Intendente Dr. Ram\u00f3n Salazar y reuniones con las autoridades de la Regi\u00f3n Sanitaria IV, el primer Centro de Salud Intercultural de la regi\u00f3n trabaja en la planificaci\u00f3n de las acciones que se llevar\u00e1n adelante durante el 2023.<\/p>\n\n\n\n<p>El espacio que reabri\u00f3 sus puertas luego de la Pandemia en Manuel Iglesias 1515, en marzo de 2021, constituye un espacio de atenci\u00f3n y prevenci\u00f3n sanitaria que fue creado con una modalidad mixta brindando sus servicios desde la Secretar\u00eda de Salud de la Municipalidad de San Pedro, como un Centro de Atenci\u00f3n primaria m\u00e1s de la red local y especializado en la aplicaci\u00f3n de medicina ind\u00edgena, con la concurrencia de profesionales del equipo.<\/p>\n\n\n\n<p>En el Centro de Salud Intercultural se aplican vacunas, se realizan testeos y se brinda enfermer\u00eda y atenci\u00f3n m\u00e9dica respetando los derechos y sobre todo la cosmovisi\u00f3n de los pueblos ind\u00edgenas.<\/p>\n\n\n\n<p>Durante las pr\u00f3ximas semanas se compartir\u00e1 con la comunidad mayor informaci\u00f3n sobre nuevos servicios y horarios del Centro para todos los vecinos de la amplia zona de influencia que comprende, esta iniciativa de la Cacique Nala Romero y que lleva el nombre \u201cDalagaic Piogonac\u201d, (\u00abnueva forma de curar\u00bb en idioma qom).<\/p>\n\n\n\n<p>El Centro de Salud \u201cDalagaic Piogonac\u201d forma parte del diagrama sanitario de San Pedro, est\u00e1 respaldado mediante una ordenanza e integra la red de la Regi\u00f3n Sanitaria y del Ministerio de Salud, lo que implica que sea considerado en los coeficientes de coparticipaci\u00f3n que son asignados a este tema.<\/p>\n\n\n\n<p>Para solicitar turnos pueden comunicarse de lunes a viernes de 12 a 20 al 4-26-832.<\/p>\n\n\n\n<figure class=\"wp-block-image size-full\"><img decoding=\"async\" width=\"840\" height=\"630\" data-attachment-id=\"114597\" data-permalink=\"https:\/\/eldiariodesanpedro.com.ar\/sitio\/el-centro-de-salud-intercultural-de-san-pedro-planifica-sus-actividades-2023\/whatsapp-image-2023-01-30-at-13-46-36\/\" data-orig-file=\"https:\/\/eldiariodesanpedro.com.ar\/sitio\/wp-content\/uploads\/2023\/01\/WhatsApp-Image-2023-01-30-at-13.46.36.jpeg\" data-orig-size=\"840,630\" data-comments-opened=\"0\" data-image-meta=\"{&quot;aperture&quot;:&quot;0&quot;,&quot;credit&quot;:&quot;&quot;,&quot;camera&quot;:&quot;&quot;,&quot;caption&quot;:&quot;&quot;,&quot;created_timestamp&quot;:&quot;0&quot;,&quot;copyright&quot;:&quot;&quot;,&quot;focal_length&quot;:&quot;0&quot;,&quot;iso&quot;:&quot;0&quot;,&quot;shutter_speed&quot;:&quot;0&quot;,&quot;title&quot;:&quot;&quot;,&quot;orientation&quot;:&quot;0&quot;}\" data-image-title=\"WhatsApp Image 2023-01-30 at 13.46.36\" data-image-description=\"\" data-image-caption=\"\" data-large-file=\"https:\/\/eldiariodesanpedro.com.ar\/sitio\/wp-content\/uploads\/2023\/01\/WhatsApp-Image-2023-01-30-at-13.46.36.jpeg\" data-src=\"https:\/\/eldiariodesanpedro.com.ar\/sitio\/wp-content\/uploads\/2023\/01\/WhatsApp-Image-2023-01-30-at-13.46.36.jpeg\" alt=\"\" class=\"wp-image-114597 lazyload\" data-srcset=\"https:\/\/eldiariodesanpedro.com.ar\/sitio\/wp-content\/uploads\/2023\/01\/WhatsApp-Image-2023-01-30-at-13.46.36.jpeg 840w, https:\/\/eldiariodesanpedro.com.ar\/sitio\/wp-content\/uploads\/2023\/01\/WhatsApp-Image-2023-01-30-at-13.46.36-300x225.jpeg 300w, https:\/\/eldiariodesanpedro.com.ar\/sitio\/wp-content\/uploads\/2023\/01\/WhatsApp-Image-2023-01-30-at-13.46.36-768x576.jpeg 768w, https:\/\/eldiariodesanpedro.com.ar\/sitio\/wp-content\/uploads\/2023\/01\/WhatsApp-Image-2023-01-30-at-13.46.36-272x204.jpeg 272w\" data-sizes=\"(max-width: 840px) 100vw, 840px\" src=\"data:image\/svg+xml;base64,PHN2ZyB3aWR0aD0iMSIgaGVpZ2h0PSIxIiB4bWxucz0iaHR0cDovL3d3dy53My5vcmcvMjAwMC9zdmciPjwvc3ZnPg==\" style=\"--smush-placeholder-width: 840px; --smush-placeholder-aspect-ratio: 840\/630;\" \/><\/figure>\n\n\n\n<figure class=\"wp-block-image size-full\"><img decoding=\"async\" width=\"473\" height=\"630\" data-attachment-id=\"114596\" data-permalink=\"https:\/\/eldiariodesanpedro.com.ar\/sitio\/el-centro-de-salud-intercultural-de-san-pedro-planifica-sus-actividades-2023\/whatsapp-image-2023-01-30-at-13-46-35\/\" data-orig-file=\"https:\/\/eldiariodesanpedro.com.ar\/sitio\/wp-content\/uploads\/2023\/01\/WhatsApp-Image-2023-01-30-at-13.46.35.jpeg\" data-orig-size=\"473,630\" data-comments-opened=\"0\" data-image-meta=\"{&quot;aperture&quot;:&quot;0&quot;,&quot;credit&quot;:&quot;&quot;,&quot;camera&quot;:&quot;&quot;,&quot;caption&quot;:&quot;&quot;,&quot;created_timestamp&quot;:&quot;0&quot;,&quot;copyright&quot;:&quot;&quot;,&quot;focal_length&quot;:&quot;0&quot;,&quot;iso&quot;:&quot;0&quot;,&quot;shutter_speed&quot;:&quot;0&quot;,&quot;title&quot;:&quot;&quot;,&quot;orientation&quot;:&quot;0&quot;}\" data-image-title=\"WhatsApp Image 2023-01-30 at 13.46.35\" data-image-description=\"\" data-image-caption=\"\" data-large-file=\"https:\/\/eldiariodesanpedro.com.ar\/sitio\/wp-content\/uploads\/2023\/01\/WhatsApp-Image-2023-01-30-at-13.46.35.jpeg\" data-src=\"https:\/\/eldiariodesanpedro.com.ar\/sitio\/wp-content\/uploads\/2023\/01\/WhatsApp-Image-2023-01-30-at-13.46.35.jpeg\" alt=\"\" class=\"wp-image-114596 lazyload\" data-srcset=\"https:\/\/eldiariodesanpedro.com.ar\/sitio\/wp-content\/uploads\/2023\/01\/WhatsApp-Image-2023-01-30-at-13.46.35.jpeg 473w, https:\/\/eldiariodesanpedro.com.ar\/sitio\/wp-content\/uploads\/2023\/01\/WhatsApp-Image-2023-01-30-at-13.46.35-225x300.jpeg 225w\" data-sizes=\"(max-width: 473px) 100vw, 473px\" src=\"data:image\/svg+xml;base64,PHN2ZyB3aWR0aD0iMSIgaGVpZ2h0PSIxIiB4bWxucz0iaHR0cDovL3d3dy53My5vcmcvMjAwMC9zdmciPjwvc3ZnPg==\" style=\"--smush-placeholder-width: 473px; --smush-placeholder-aspect-ratio: 473\/630;\" \/><\/figure>\n\n\n\n<figure class=\"wp-block-image size-full\"><img decoding=\"async\" width=\"473\" height=\"630\" data-attachment-id=\"114595\" data-permalink=\"https:\/\/eldiariodesanpedro.com.ar\/sitio\/el-centro-de-salud-intercultural-de-san-pedro-planifica-sus-actividades-2023\/whatsapp-image-2023-01-30-at-13-46-32\/\" data-orig-file=\"https:\/\/eldiariodesanpedro.com.ar\/sitio\/wp-content\/uploads\/2023\/01\/WhatsApp-Image-2023-01-30-at-13.46.32.jpeg\" data-orig-size=\"473,630\" data-comments-opened=\"0\" data-image-meta=\"{&quot;aperture&quot;:&quot;0&quot;,&quot;credit&quot;:&quot;&quot;,&quot;camera&quot;:&quot;&quot;,&quot;caption&quot;:&quot;&quot;,&quot;created_timestamp&quot;:&quot;0&quot;,&quot;copyright&quot;:&quot;&quot;,&quot;focal_length&quot;:&quot;0&quot;,&quot;iso&quot;:&quot;0&quot;,&quot;shutter_speed&quot;:&quot;0&quot;,&quot;title&quot;:&quot;&quot;,&quot;orientation&quot;:&quot;0&quot;}\" data-image-title=\"WhatsApp Image 2023-01-30 at 13.46.32\" data-image-description=\"\" data-image-caption=\"\" data-large-file=\"https:\/\/eldiariodesanpedro.com.ar\/sitio\/wp-content\/uploads\/2023\/01\/WhatsApp-Image-2023-01-30-at-13.46.32.jpeg\" data-src=\"https:\/\/eldiariodesanpedro.com.ar\/sitio\/wp-content\/uploads\/2023\/01\/WhatsApp-Image-2023-01-30-at-13.46.32.jpeg\" alt=\"\" class=\"wp-image-114595 lazyload\" data-srcset=\"https:\/\/eldiariodesanpedro.com.ar\/sitio\/wp-content\/uploads\/2023\/01\/WhatsApp-Image-2023-01-30-at-13.46.32.jpeg 473w, https:\/\/eldiariodesanpedro.com.ar\/sitio\/wp-content\/uploads\/2023\/01\/WhatsApp-Image-2023-01-30-at-13.46.32-225x300.jpeg 225w\" data-sizes=\"(max-width: 473px) 100vw, 473px\" src=\"data:image\/svg+xml;base64,PHN2ZyB3aWR0aD0iMSIgaGVpZ2h0PSIxIiB4bWxucz0iaHR0cDovL3d3dy53My5vcmcvMjAwMC9zdmciPjwvc3ZnPg==\" style=\"--smush-placeholder-width: 473px; --smush-placeholder-aspect-ratio: 473\/630;\" \/><\/figure>\n","protected":false},"excerpt":{"rendered":"<p>Con una visita del Intendente Dr. Ram\u00f3n Salazar y reuniones con las autoridades de la Regi\u00f3n Sanitaria IV, el primer Centro de Salud Intercultural de la regi\u00f3n trabaja en la planificaci\u00f3n de las acciones que se llevar\u00e1n adelante durante el 2023. El espacio que reabri\u00f3 sus puertas luego de la Pandemia en Manuel Iglesias 1515, [&hellip;]<\/p>\n","protected":false},"author":4,"featured_media":114598,"comment_status":"closed","ping_status":"closed","sticky":false,"template":"","format":"standard","meta":{"om_disable_all_campaigns":false,"_jetpack_memberships_contains_paid_content":false,"footnotes":""},"categories":[101,2],"tags":[197,696,33,19],"class_list":["post-114594","post","type-post","status-publish","format-standard","has-post-thumbnail","hentry","category-interes-general-locales","category-locales","tag-buenos-aires","tag-interes-general","tag-locales","tag-san-pedro"],"aioseo_notices":[],"gutentor_comment":0,"jetpack_featured_media_url":"https:\/\/eldiariodesanpedro.com.ar\/sitio\/wp-content\/uploads\/2023\/01\/WhatsApp-Image-2023-01-30-at-13.46.37.jpeg","jetpack_shortlink":"https:\/\/wp.me\/p6RhLt-tOi","jetpack_sharing_enabled":true,"_links":{"self":[{"href":"https:\/\/eldiariodesanpedro.com.ar\/sitio\/wp-json\/wp\/v2\/posts\/114594","targetHints":{"allow":["GET"]}}],"collection":[{"href":"https:\/\/eldiariodesanpedro.com.ar\/sitio\/wp-json\/wp\/v2\/posts"}],"about":[{"href":"https:\/\/eldiariodesanpedro.com.ar\/sitio\/wp-json\/wp\/v2\/types\/post"}],"author":[{"embeddable":true,"href":"https:\/\/eldiariodesanpedro.com.ar\/sitio\/wp-json\/wp\/v2\/users\/4"}],"replies":[{"embeddable":true,"href":"https:\/\/eldiariodesanpedro.com.ar\/sitio\/wp-json\/wp\/v2\/comments?post=114594"}],"version-history":[{"count":1,"href":"https:\/\/eldiariodesanpedro.com.ar\/sitio\/wp-json\/wp\/v2\/posts\/114594\/revisions"}],"predecessor-version":[{"id":114600,"href":"https:\/\/eldiariodesanpedro.com.ar\/sitio\/wp-json\/wp\/v2\/posts\/114594\/revisions\/114600"}],"wp:featuredmedia":[{"embeddable":true,"href":"https:\/\/eldiariodesanpedro.com.ar\/sitio\/wp-json\/wp\/v2\/media\/114598"}],"wp:attachment":[{"href":"https:\/\/eldiariodesanpedro.com.ar\/sitio\/wp-json\/wp\/v2\/media?parent=114594"}],"wp:term":[{"taxonomy":"category","embeddable":true,"href":"https:\/\/eldiariodesanpedro.com.ar\/sitio\/wp-json\/wp\/v2\/categories?post=114594"},{"taxonomy":"post_tag","embeddable":true,"href":"https:\/\/eldiariodesanpedro.com.ar\/sitio\/wp-json\/wp\/v2\/tags?post=114594"}],"curies":[{"name":"wp","href":"https:\/\/api.w.org\/{rel}","templated":true}]}}