{"id":114592,"date":"2023-01-31T10:39:00","date_gmt":"2023-01-31T13:39:00","guid":{"rendered":"https:\/\/eldiariodesanpedro.com.ar\/sitio\/?p=114592"},"modified":"2023-01-31T10:39:03","modified_gmt":"2023-01-31T13:39:03","slug":"rentas-estara-en-las-localidades-para-la-moratoria-de-impuestos-municipales","status":"publish","type":"post","link":"https:\/\/eldiariodesanpedro.com.ar\/sitio\/rentas-estara-en-las-localidades-para-la-moratoria-de-impuestos-municipales\/","title":{"rendered":"Rentas estar\u00e1 en las localidades para la moratoria de impuestos municipales"},"content":{"rendered":"<!-- VideographyWP Plugin Message: Automatic video embedding prevented by plugin options. -->\n\n<p>La Direcci\u00f3n de Rentas de la Municipalidad de San Pedro informa que representantes del \u00e1rea estar\u00e1n atendiendo al p\u00fablico en las localidades del interior del Partido durante los pr\u00f3ximos d\u00edas. Durante la atenci\u00f3n se podr\u00e1n inscribir al plan de facilidades de pago, se realizar\u00e1 reempadronamientos, informes de deudas, comercio, comunicaci\u00f3n e informes de todos los tr\u00e1mites que se pueden realizar desde la Direcci\u00f3n.<\/p>\n\n\n\n<p>El martes 31 de enero se brindar\u00e1 atenci\u00f3n en la Delegaci\u00f3n Municipal de Gobernador Castro en el horario de 9.00 a 13.00, el jueves 2 y viernes 3 de febrero se atender\u00e1 en la Delegaci\u00f3n Municipal de R\u00edo Tala, en el horario de 9.00 a 13.00 y en la Delegaci\u00f3n Municipal de Santa Luc\u00eda los d\u00edas jueves 9 y viernes 10 de febrero en el horario de 9.00 a 13.00.<\/p>\n","protected":false},"excerpt":{"rendered":"<p>La Direcci\u00f3n de Rentas de la Municipalidad de San Pedro informa que representantes del \u00e1rea estar\u00e1n atendiendo al p\u00fablico en las localidades del interior del Partido durante los pr\u00f3ximos d\u00edas. Durante la atenci\u00f3n se podr\u00e1n inscribir al plan de facilidades de pago, se realizar\u00e1 reempadronamientos, informes de deudas, comercio, comunicaci\u00f3n e informes de todos los [&hellip;]<\/p>\n","protected":false},"author":4,"featured_media":70648,"comment_status":"closed","ping_status":"closed","sticky":false,"template":"","format":"standard","meta":{"om_disable_all_campaigns":false,"_jetpack_memberships_contains_paid_content":false,"footnotes":""},"categories":[101,2],"tags":[197,696,33,19],"class_list":["post-114592","post","type-post","status-publish","format-standard","has-post-thumbnail","hentry","category-interes-general-locales","category-locales","tag-buenos-aires","tag-interes-general","tag-locales","tag-san-pedro"],"aioseo_notices":[],"gutentor_comment":0,"jetpack_featured_media_url":"https:\/\/eldiariodesanpedro.com.ar\/sitio\/wp-content\/uploads\/2020\/03\/Municipalidad.jpg","jetpack_shortlink":"https:\/\/wp.me\/p6RhLt-tOg","jetpack_sharing_enabled":true,"_links":{"self":[{"href":"https:\/\/eldiariodesanpedro.com.ar\/sitio\/wp-json\/wp\/v2\/posts\/114592","targetHints":{"allow":["GET"]}}],"collection":[{"href":"https:\/\/eldiariodesanpedro.com.ar\/sitio\/wp-json\/wp\/v2\/posts"}],"about":[{"href":"https:\/\/eldiariodesanpedro.com.ar\/sitio\/wp-json\/wp\/v2\/types\/post"}],"author":[{"embeddable":true,"href":"https:\/\/eldiariodesanpedro.com.ar\/sitio\/wp-json\/wp\/v2\/users\/4"}],"replies":[{"embeddable":true,"href":"https:\/\/eldiariodesanpedro.com.ar\/sitio\/wp-json\/wp\/v2\/comments?post=114592"}],"version-history":[{"count":1,"href":"https:\/\/eldiariodesanpedro.com.ar\/sitio\/wp-json\/wp\/v2\/posts\/114592\/revisions"}],"predecessor-version":[{"id":114593,"href":"https:\/\/eldiariodesanpedro.com.ar\/sitio\/wp-json\/wp\/v2\/posts\/114592\/revisions\/114593"}],"wp:featuredmedia":[{"embeddable":true,"href":"https:\/\/eldiariodesanpedro.com.ar\/sitio\/wp-json\/wp\/v2\/media\/70648"}],"wp:attachment":[{"href":"https:\/\/eldiariodesanpedro.com.ar\/sitio\/wp-json\/wp\/v2\/media?parent=114592"}],"wp:term":[{"taxonomy":"category","embeddable":true,"href":"https:\/\/eldiariodesanpedro.com.ar\/sitio\/wp-json\/wp\/v2\/categories?post=114592"},{"taxonomy":"post_tag","embeddable":true,"href":"https:\/\/eldiariodesanpedro.com.ar\/sitio\/wp-json\/wp\/v2\/tags?post=114592"}],"curies":[{"name":"wp","href":"https:\/\/api.w.org\/{rel}","templated":true}]}}