{"id":114586,"date":"2023-01-31T10:14:45","date_gmt":"2023-01-31T13:14:45","guid":{"rendered":"https:\/\/eldiariodesanpedro.com.ar\/sitio\/?p=114586"},"modified":"2023-01-31T10:14:48","modified_gmt":"2023-01-31T13:14:48","slug":"hallan-maderas-antiguas-en-la-zona-de-la-isla-del-diablo","status":"publish","type":"post","link":"https:\/\/eldiariodesanpedro.com.ar\/sitio\/hallan-maderas-antiguas-en-la-zona-de-la-isla-del-diablo\/","title":{"rendered":"Hallan maderas antiguas en la zona de la \u201cIsla del Diablo\u201d"},"content":{"rendered":"<!-- VideographyWP Plugin Message: Automatic video embedding prevented by plugin options. -->\n\n<p>Fueron recuperadas por dos j\u00f3venes de San Pedro y puestas a disposici\u00f3n del Museo Paleontol\u00f3gico \u201cFray Manuel de Torres\u201d para su resguardo<\/p>\n\n\n\n<p>En una de sus salidas al Paran\u00e1, los j\u00f3venes Mauro Pediccini y Cristian Raviola, amantes del r\u00edo y su entorno, descubrieron varios trozos de maderas semi enterradas en un sector de playa en el islote que se est\u00e1 formando paralelo a la llamada \u201cIsla del Diablo\u201d, al norte de la ciudad.<\/p>\n\n\n\n<p>El aspecto y el tama\u00f1o de los fragmentos les llamaron poderosamente la atenci\u00f3n, por lo que decidieron recogerlas para que el sol, el oleaje y el viento no terminaran por hacerlas desaparecer y las acercaron de inmediato al Museo Paleontol\u00f3gico de San Pedro.<\/p>\n\n\n\n<p>A los efectos de reconocer las caracter\u00edsticas del lugar donde fueron halladas y recabar alg\u00fan dato, Jos\u00e9 Luis Aguilar, Alejandro Banchini y Walter Parra, del grupo del museo, navegaron hasta el punto se\u00f1alado por los dos amigos.<\/p>\n\n\n\n<p><strong>Antiguos maderos<\/strong><\/p>\n\n\n\n<p>Las piezas est\u00e1n sumamente erosionadas por el agua. El desgaste que presentan infiere que estuvieron mucho tiempo sumergidas y luego, por alg\u00fan motivo, se liberaron hasta llegar al punto donde fueron encontradas. En su superficie se observan finas l\u00edneas paralelas de desgaste similares a otras maderas antiguas revisadas en la zona.&nbsp;<\/p>\n\n\n\n<p>Algunas piezas alcanzan los 70 cm de longitud y unos 20 cm de di\u00e1metro. La mayor\u00eda son cil\u00edndricas, salvo una que es plana, tipo tabl\u00f3n.<\/p>\n\n\n\n<p>Todas presentan un grado de erosi\u00f3n importante y sus bordes se ven redondeados por acci\u00f3n del agua y el arrastre contra el terreno arenoso donde fueron halladas.<\/p>\n\n\n\n<p><strong>Opini\u00f3n del museo\u00a0<\/strong><\/p>\n\n\n\n<p>Desde el grupo del museo opinan que \u201cteniendo en cuenta las caracter\u00edsticas y ubicaci\u00f3n del lugar del hallazgo, las corrientes de la zona, la rica historia del sector y la extracci\u00f3n arenera que se realiza en ese sector del r\u00edo, no habr\u00eda que dejar de tener en cuenta que podr\u00edan ser restos de cierta antig\u00fcedad.&nbsp;<\/p>\n\n\n\n<p>Su aspecto presenta similitudes, por ejemplo, con la madera de uno de los m\u00e1stiles del buque `Republicano`, hundido frente a Obligado.&nbsp;<\/p>\n\n\n\n<p>Dicho m\u00e1stil fue extra\u00eddo por el&nbsp; Sr. Jorge Villar en 1997 y hoy se exhibe en el Museo de la Batalla\u201d.<\/p>\n\n\n\n<p>Es llamativo ver la similitud en el patr\u00f3n de desgaste entre las maderas halladas ahora por Raviola y Pediccini y las del barco hundido en la batalla de 1845.&nbsp;<\/p>\n\n\n\n<p>\u201cEsto permite pensar posibilidades. Una de esas posibilidades puede ser que estos restos hayan sido removidos por el accionar de alg\u00fan buque arenero chupando en el fondo de la zona.&nbsp;<\/p>\n\n\n\n<p>Aunque s\u00f3lo son opiniones preliminares que surgen de las primeras observaciones, fue importante navegar hasta el lugar y comprender c\u00f3mo funciona la mec\u00e1nica de las corrientes que trasladaron a estas maderas. El r\u00edo posee testimonios de hechos pasados y, a veces, nos sorprende liberando ciertos objetos. Estas maderas aparecieron en el lugar correcto de acuerdo a las corrientes del lugar pero tal vez a futuro, con m\u00e1s datos y elementos, se pueda arrojar m\u00e1s luz sobre el hallazgo de estas piezas, aguas abajo de Obligado\u201d, agregan desde el Museo Paleontol\u00f3gico de San Pedro.<\/p>\n\n\n\n<p>Desde la entidad se agradece a Mauro Pediccini y Cristian \u201cColo\u201d Raviola por acercarse de inmediato a la instituci\u00f3n y contar su descubrimiento.\u00a0<\/p>\n\n\n\n<figure class=\"wp-block-image size-full\"><img decoding=\"async\" width=\"360\" height=\"630\" data-attachment-id=\"114588\" data-permalink=\"https:\/\/eldiariodesanpedro.com.ar\/sitio\/hallan-maderas-antiguas-en-la-zona-de-la-isla-del-diablo\/descubridores\/\" data-orig-file=\"https:\/\/eldiariodesanpedro.com.ar\/sitio\/wp-content\/uploads\/2023\/01\/DESCUBRIDORES.jpg\" data-orig-size=\"360,630\" data-comments-opened=\"0\" data-image-meta=\"{&quot;aperture&quot;:&quot;1.7&quot;,&quot;credit&quot;:&quot;&quot;,&quot;camera&quot;:&quot;moto g(8)&quot;,&quot;caption&quot;:&quot;&quot;,&quot;created_timestamp&quot;:&quot;1675098528&quot;,&quot;copyright&quot;:&quot;&quot;,&quot;focal_length&quot;:&quot;4.05&quot;,&quot;iso&quot;:&quot;184&quot;,&quot;shutter_speed&quot;:&quot;0.02&quot;,&quot;title&quot;:&quot;&quot;,&quot;orientation&quot;:&quot;1&quot;}\" data-image-title=\"DESCUBRIDORES\" data-image-description=\"\" data-image-caption=\"\" data-large-file=\"https:\/\/eldiariodesanpedro.com.ar\/sitio\/wp-content\/uploads\/2023\/01\/DESCUBRIDORES.jpg\" data-src=\"https:\/\/eldiariodesanpedro.com.ar\/sitio\/wp-content\/uploads\/2023\/01\/DESCUBRIDORES.jpg\" alt=\"\" class=\"wp-image-114588 lazyload\" data-srcset=\"https:\/\/eldiariodesanpedro.com.ar\/sitio\/wp-content\/uploads\/2023\/01\/DESCUBRIDORES.jpg 360w, https:\/\/eldiariodesanpedro.com.ar\/sitio\/wp-content\/uploads\/2023\/01\/DESCUBRIDORES-171x300.jpg 171w\" data-sizes=\"(max-width: 360px) 100vw, 360px\" src=\"data:image\/svg+xml;base64,PHN2ZyB3aWR0aD0iMSIgaGVpZ2h0PSIxIiB4bWxucz0iaHR0cDovL3d3dy53My5vcmcvMjAwMC9zdmciPjwvc3ZnPg==\" style=\"--smush-placeholder-width: 360px; --smush-placeholder-aspect-ratio: 360\/630;\" \/><\/figure>\n\n\n\n<figure class=\"wp-block-image size-large\"><img decoding=\"async\" width=\"1024\" height=\"606\" data-attachment-id=\"114590\" data-permalink=\"https:\/\/eldiariodesanpedro.com.ar\/sitio\/hallan-maderas-antiguas-en-la-zona-de-la-isla-del-diablo\/hallazgo-maderas\/\" data-orig-file=\"https:\/\/eldiariodesanpedro.com.ar\/sitio\/wp-content\/uploads\/2023\/01\/HALLAZGO-MADERAS.jpg\" data-orig-size=\"1065,630\" data-comments-opened=\"0\" data-image-meta=\"{&quot;aperture&quot;:&quot;0&quot;,&quot;credit&quot;:&quot;&quot;,&quot;camera&quot;:&quot;&quot;,&quot;caption&quot;:&quot;&quot;,&quot;created_timestamp&quot;:&quot;0&quot;,&quot;copyright&quot;:&quot;&quot;,&quot;focal_length&quot;:&quot;0&quot;,&quot;iso&quot;:&quot;0&quot;,&quot;shutter_speed&quot;:&quot;0&quot;,&quot;title&quot;:&quot;&quot;,&quot;orientation&quot;:&quot;0&quot;}\" data-image-title=\"HALLAZGO MADERAS\" data-image-description=\"\" data-image-caption=\"\" data-large-file=\"https:\/\/eldiariodesanpedro.com.ar\/sitio\/wp-content\/uploads\/2023\/01\/HALLAZGO-MADERAS-1024x606.jpg\" data-src=\"https:\/\/eldiariodesanpedro.com.ar\/sitio\/wp-content\/uploads\/2023\/01\/HALLAZGO-MADERAS-1024x606.jpg\" alt=\"\" class=\"wp-image-114590 lazyload\" data-srcset=\"https:\/\/eldiariodesanpedro.com.ar\/sitio\/wp-content\/uploads\/2023\/01\/HALLAZGO-MADERAS-1024x606.jpg 1024w, https:\/\/eldiariodesanpedro.com.ar\/sitio\/wp-content\/uploads\/2023\/01\/HALLAZGO-MADERAS-300x177.jpg 300w, https:\/\/eldiariodesanpedro.com.ar\/sitio\/wp-content\/uploads\/2023\/01\/HALLAZGO-MADERAS-768x454.jpg 768w, https:\/\/eldiariodesanpedro.com.ar\/sitio\/wp-content\/uploads\/2023\/01\/HALLAZGO-MADERAS.jpg 1065w\" data-sizes=\"(max-width: 1024px) 100vw, 1024px\" src=\"data:image\/svg+xml;base64,PHN2ZyB3aWR0aD0iMSIgaGVpZ2h0PSIxIiB4bWxucz0iaHR0cDovL3d3dy53My5vcmcvMjAwMC9zdmciPjwvc3ZnPg==\" style=\"--smush-placeholder-width: 1024px; --smush-placeholder-aspect-ratio: 1024\/606;\" \/><\/figure>\n\n\n\n<figure class=\"wp-block-image size-full\"><img decoding=\"async\" width=\"840\" height=\"630\" data-attachment-id=\"114589\" data-permalink=\"https:\/\/eldiariodesanpedro.com.ar\/sitio\/hallan-maderas-antiguas-en-la-zona-de-la-isla-del-diablo\/el-museo-en-el-lugar\/\" data-orig-file=\"https:\/\/eldiariodesanpedro.com.ar\/sitio\/wp-content\/uploads\/2023\/01\/EL-MUSEO-EN-EL-LUGAR.jpg\" data-orig-size=\"840,630\" data-comments-opened=\"0\" data-image-meta=\"{&quot;aperture&quot;:&quot;2&quot;,&quot;credit&quot;:&quot;&quot;,&quot;camera&quot;:&quot;moto g(8)&quot;,&quot;caption&quot;:&quot;&quot;,&quot;created_timestamp&quot;:&quot;1674923796&quot;,&quot;copyright&quot;:&quot;&quot;,&quot;focal_length&quot;:&quot;2.78&quot;,&quot;iso&quot;:&quot;101&quot;,&quot;shutter_speed&quot;:&quot;0.00061842918985776&quot;,&quot;title&quot;:&quot;&quot;,&quot;orientation&quot;:&quot;1&quot;}\" data-image-title=\"EL MUSEO EN EL LUGAR\" data-image-description=\"\" data-image-caption=\"\" data-large-file=\"https:\/\/eldiariodesanpedro.com.ar\/sitio\/wp-content\/uploads\/2023\/01\/EL-MUSEO-EN-EL-LUGAR.jpg\" data-src=\"https:\/\/eldiariodesanpedro.com.ar\/sitio\/wp-content\/uploads\/2023\/01\/EL-MUSEO-EN-EL-LUGAR.jpg\" alt=\"\" class=\"wp-image-114589 lazyload\" data-srcset=\"https:\/\/eldiariodesanpedro.com.ar\/sitio\/wp-content\/uploads\/2023\/01\/EL-MUSEO-EN-EL-LUGAR.jpg 840w, https:\/\/eldiariodesanpedro.com.ar\/sitio\/wp-content\/uploads\/2023\/01\/EL-MUSEO-EN-EL-LUGAR-300x225.jpg 300w, https:\/\/eldiariodesanpedro.com.ar\/sitio\/wp-content\/uploads\/2023\/01\/EL-MUSEO-EN-EL-LUGAR-768x576.jpg 768w, https:\/\/eldiariodesanpedro.com.ar\/sitio\/wp-content\/uploads\/2023\/01\/EL-MUSEO-EN-EL-LUGAR-272x204.jpg 272w\" data-sizes=\"(max-width: 840px) 100vw, 840px\" src=\"data:image\/svg+xml;base64,PHN2ZyB3aWR0aD0iMSIgaGVpZ2h0PSIxIiB4bWxucz0iaHR0cDovL3d3dy53My5vcmcvMjAwMC9zdmciPjwvc3ZnPg==\" style=\"--smush-placeholder-width: 840px; --smush-placeholder-aspect-ratio: 840\/630;\" \/><\/figure>\n","protected":false},"excerpt":{"rendered":"<p>Fueron recuperadas por dos j\u00f3venes de San Pedro y puestas a disposici\u00f3n del Museo Paleontol\u00f3gico \u201cFray Manuel de Torres\u201d para su resguardo En una de sus salidas al Paran\u00e1, los j\u00f3venes Mauro Pediccini y Cristian Raviola, amantes del r\u00edo y su entorno, descubrieron varios trozos de maderas semi enterradas en un sector de playa en [&hellip;]<\/p>\n","protected":false},"author":4,"featured_media":114587,"comment_status":"closed","ping_status":"closed","sticky":false,"template":"","format":"standard","meta":{"om_disable_all_campaigns":false,"_jetpack_memberships_contains_paid_content":false,"footnotes":""},"categories":[50,101,2],"tags":[197,696,33,19],"class_list":["post-114586","post","type-post","status-publish","format-standard","has-post-thumbnail","hentry","category-destacadas","category-interes-general-locales","category-locales","tag-buenos-aires","tag-interes-general","tag-locales","tag-san-pedro"],"aioseo_notices":[],"gutentor_comment":0,"jetpack_featured_media_url":"https:\/\/eldiariodesanpedro.com.ar\/sitio\/wp-content\/uploads\/2023\/01\/COMPARACION.jpg","jetpack_shortlink":"https:\/\/wp.me\/p6RhLt-tOa","jetpack_sharing_enabled":true,"_links":{"self":[{"href":"https:\/\/eldiariodesanpedro.com.ar\/sitio\/wp-json\/wp\/v2\/posts\/114586","targetHints":{"allow":["GET"]}}],"collection":[{"href":"https:\/\/eldiariodesanpedro.com.ar\/sitio\/wp-json\/wp\/v2\/posts"}],"about":[{"href":"https:\/\/eldiariodesanpedro.com.ar\/sitio\/wp-json\/wp\/v2\/types\/post"}],"author":[{"embeddable":true,"href":"https:\/\/eldiariodesanpedro.com.ar\/sitio\/wp-json\/wp\/v2\/users\/4"}],"replies":[{"embeddable":true,"href":"https:\/\/eldiariodesanpedro.com.ar\/sitio\/wp-json\/wp\/v2\/comments?post=114586"}],"version-history":[{"count":1,"href":"https:\/\/eldiariodesanpedro.com.ar\/sitio\/wp-json\/wp\/v2\/posts\/114586\/revisions"}],"predecessor-version":[{"id":114591,"href":"https:\/\/eldiariodesanpedro.com.ar\/sitio\/wp-json\/wp\/v2\/posts\/114586\/revisions\/114591"}],"wp:featuredmedia":[{"embeddable":true,"href":"https:\/\/eldiariodesanpedro.com.ar\/sitio\/wp-json\/wp\/v2\/media\/114587"}],"wp:attachment":[{"href":"https:\/\/eldiariodesanpedro.com.ar\/sitio\/wp-json\/wp\/v2\/media?parent=114586"}],"wp:term":[{"taxonomy":"category","embeddable":true,"href":"https:\/\/eldiariodesanpedro.com.ar\/sitio\/wp-json\/wp\/v2\/categories?post=114586"},{"taxonomy":"post_tag","embeddable":true,"href":"https:\/\/eldiariodesanpedro.com.ar\/sitio\/wp-json\/wp\/v2\/tags?post=114586"}],"curies":[{"name":"wp","href":"https:\/\/api.w.org\/{rel}","templated":true}]}}