{"id":114557,"date":"2023-01-27T17:35:46","date_gmt":"2023-01-27T20:35:46","guid":{"rendered":"https:\/\/eldiariodesanpedro.com.ar\/sitio\/?p=114557"},"modified":"2023-01-27T17:35:48","modified_gmt":"2023-01-27T20:35:48","slug":"asamblea-general-ordinaria-del-club-infantil-el-porvenir-de-san-pedro","status":"publish","type":"post","link":"https:\/\/eldiariodesanpedro.com.ar\/sitio\/asamblea-general-ordinaria-del-club-infantil-el-porvenir-de-san-pedro\/","title":{"rendered":"Asamblea General Ordinaria del Club Infantil El Porvenir de San Pedro"},"content":{"rendered":"<!-- VideographyWP Plugin Message: Automatic video embedding prevented by plugin options. -->\n\n<p class=\"has-text-align-center\">Club Infantil El Porvenir de San Pedro<br>Personer\u00eda Jur\u00eddica Matr\u00edcula n\u00b0 41878<br><strong>ASAMBLEA GENERAL ORDINARIA<\/strong><\/p>\n\n\n\n<p class=\"has-text-align-center\"><strong>CONVOCATORIA<\/strong><\/p>\n\n\n\n<p>De conformidad a lo establecido por los estatutos de la instituci\u00f3n, convocase a los se\u00f1ores socios para el d\u00eda 03 de Marzo del a\u00f1o 2023, a las 20,00 horas, a la Asamblea General Ordinaria que se llevar\u00e1 a cabo en la sede social, sita en la calle Benito Urraco 1400 de la ciudad de San Pedro, para considerar el siguiente:<\/p>\n\n\n\n<p class=\"has-text-align-center\"><strong>ORDEN DEL DIA<\/strong><\/p>\n\n\n\n<p>1\u00b0) Elecci\u00f3n de dos asociados para firmar el acta conjuntamente con el Presidente y el Secretario.-<br>2\u00b0) Consideraci\u00f3n de la memoria y balance del ejercicio al d\u00eda 31\/12\/2022.-<br>3\u00b0) Fijaci\u00f3n de las cuotas sociales para el presente ejercicio.-<\/p>\n\n\n\n<p class=\"has-text-align-right\">San Pedro, 17 de Enero de 2023.-<\/p>\n\n\n\n<p>Mart\u00edn P\u00e9rez &#8211; Secretario<br>Adri\u00e1n Celso &#8211; Presidente<\/p>\n","protected":false},"excerpt":{"rendered":"<p>Club Infantil El Porvenir de San PedroPersoner\u00eda Jur\u00eddica Matr\u00edcula n\u00b0 41878ASAMBLEA GENERAL ORDINARIA CONVOCATORIA De conformidad a lo establecido por los estatutos de la instituci\u00f3n, convocase a los se\u00f1ores socios para el d\u00eda 03 de Marzo del a\u00f1o 2023, a las 20,00 horas, a la Asamblea General Ordinaria que se llevar\u00e1 a cabo en la [&hellip;]<\/p>\n","protected":false},"author":4,"featured_media":114558,"comment_status":"closed","ping_status":"closed","sticky":false,"template":"","format":"standard","meta":{"om_disable_all_campaigns":false,"_jetpack_memberships_contains_paid_content":false,"footnotes":""},"categories":[678,676],"tags":[3347],"class_list":["post-114557","post","type-post","status-publish","format-standard","has-post-thumbnail","hentry","category-convocatorias","category-edictos","tag-asamblea-general-ordinaria-del-club-infantil-el-porvenir-de-san-pedro"],"aioseo_notices":[],"gutentor_comment":0,"jetpack_featured_media_url":"https:\/\/eldiariodesanpedro.com.ar\/sitio\/wp-content\/uploads\/2023\/01\/EL-porvenir-infantil-27-01-2023.png","jetpack_shortlink":"https:\/\/wp.me\/p6RhLt-tNH","jetpack_sharing_enabled":true,"_links":{"self":[{"href":"https:\/\/eldiariodesanpedro.com.ar\/sitio\/wp-json\/wp\/v2\/posts\/114557","targetHints":{"allow":["GET"]}}],"collection":[{"href":"https:\/\/eldiariodesanpedro.com.ar\/sitio\/wp-json\/wp\/v2\/posts"}],"about":[{"href":"https:\/\/eldiariodesanpedro.com.ar\/sitio\/wp-json\/wp\/v2\/types\/post"}],"author":[{"embeddable":true,"href":"https:\/\/eldiariodesanpedro.com.ar\/sitio\/wp-json\/wp\/v2\/users\/4"}],"replies":[{"embeddable":true,"href":"https:\/\/eldiariodesanpedro.com.ar\/sitio\/wp-json\/wp\/v2\/comments?post=114557"}],"version-history":[{"count":1,"href":"https:\/\/eldiariodesanpedro.com.ar\/sitio\/wp-json\/wp\/v2\/posts\/114557\/revisions"}],"predecessor-version":[{"id":114559,"href":"https:\/\/eldiariodesanpedro.com.ar\/sitio\/wp-json\/wp\/v2\/posts\/114557\/revisions\/114559"}],"wp:featuredmedia":[{"embeddable":true,"href":"https:\/\/eldiariodesanpedro.com.ar\/sitio\/wp-json\/wp\/v2\/media\/114558"}],"wp:attachment":[{"href":"https:\/\/eldiariodesanpedro.com.ar\/sitio\/wp-json\/wp\/v2\/media?parent=114557"}],"wp:term":[{"taxonomy":"category","embeddable":true,"href":"https:\/\/eldiariodesanpedro.com.ar\/sitio\/wp-json\/wp\/v2\/categories?post=114557"},{"taxonomy":"post_tag","embeddable":true,"href":"https:\/\/eldiariodesanpedro.com.ar\/sitio\/wp-json\/wp\/v2\/tags?post=114557"}],"curies":[{"name":"wp","href":"https:\/\/api.w.org\/{rel}","templated":true}]}}