{"id":114554,"date":"2023-01-27T17:12:16","date_gmt":"2023-01-27T20:12:16","guid":{"rendered":"https:\/\/eldiariodesanpedro.com.ar\/sitio\/?p=114554"},"modified":"2023-01-27T17:12:17","modified_gmt":"2023-01-27T20:12:17","slug":"presencia-de-efectivos-policiales-en-la-playa-de-obligado-por-el-operativo-sol","status":"publish","type":"post","link":"https:\/\/eldiariodesanpedro.com.ar\/sitio\/presencia-de-efectivos-policiales-en-la-playa-de-obligado-por-el-operativo-sol\/","title":{"rendered":"Presencia de efectivos policiales en la Playa de Obligado por el Operativo Sol"},"content":{"rendered":"<!-- VideographyWP Plugin Message: Automatic video embedding prevented by plugin options. -->\n\n<p>La Secretaria de Seguridad de la Municipalidad de San Pedro informa que dentro del diagrama previsto para esta temporada en el marco del Operativo Sol que despliega fuerzas de seguridad en toda la Provincia de Buenos Aires, se ha dispuesto para esta temporada la instalaci\u00f3n de una base operativa que cumplir\u00e1 funciones en la playa de Vuelta de Obligado los fines de semana y en la ciudad los d\u00edas restantes.<\/p>\n\n\n\n<p>El Operativo Sol es implementado a trav\u00e9s del Ministerio de Seguridad de la Provincia de Buenos Aires en las localidades que reciben gran cantidad de turistas durante el verano. En nuestra ciudad contar\u00e1 con un espacio de trabajo y cinco efectivos adicionales que ser\u00e1n respaldados por las fuerzas de seguridad y el personal municipal que habitualmente cumple funciones preventivas y de control de la zona.<\/p>\n\n\n\n<p>Desde el gobierno del Intendente Salazar se hab\u00edan efectuado gestiones para contar con este apoyo para no disminuir la planta de personal con la que se trabaja durante la temporada. Estos operativos se ir\u00e1n coordinando de manera similar durante los pr\u00f3ximos fines de semana.<\/p>\n","protected":false},"excerpt":{"rendered":"<p>La Secretaria de Seguridad de la Municipalidad de San Pedro informa que dentro del diagrama previsto para esta temporada en el marco del Operativo Sol que despliega fuerzas de seguridad en toda la Provincia de Buenos Aires, se ha dispuesto para esta temporada la instalaci\u00f3n de una base operativa que cumplir\u00e1 funciones en la playa [&hellip;]<\/p>\n","protected":false},"author":4,"featured_media":114555,"comment_status":"closed","ping_status":"closed","sticky":false,"template":"","format":"standard","meta":{"om_disable_all_campaigns":false,"_jetpack_memberships_contains_paid_content":false,"footnotes":""},"categories":[101,2],"tags":[197,696,33,19],"class_list":["post-114554","post","type-post","status-publish","format-standard","has-post-thumbnail","hentry","category-interes-general-locales","category-locales","tag-buenos-aires","tag-interes-general","tag-locales","tag-san-pedro"],"aioseo_notices":[],"gutentor_comment":0,"jetpack_featured_media_url":"https:\/\/eldiariodesanpedro.com.ar\/sitio\/wp-content\/uploads\/2023\/01\/WhatsApp-Image-2023-01-27-at-17.01.19.jpeg","jetpack_shortlink":"https:\/\/wp.me\/p6RhLt-tNE","jetpack_sharing_enabled":true,"_links":{"self":[{"href":"https:\/\/eldiariodesanpedro.com.ar\/sitio\/wp-json\/wp\/v2\/posts\/114554","targetHints":{"allow":["GET"]}}],"collection":[{"href":"https:\/\/eldiariodesanpedro.com.ar\/sitio\/wp-json\/wp\/v2\/posts"}],"about":[{"href":"https:\/\/eldiariodesanpedro.com.ar\/sitio\/wp-json\/wp\/v2\/types\/post"}],"author":[{"embeddable":true,"href":"https:\/\/eldiariodesanpedro.com.ar\/sitio\/wp-json\/wp\/v2\/users\/4"}],"replies":[{"embeddable":true,"href":"https:\/\/eldiariodesanpedro.com.ar\/sitio\/wp-json\/wp\/v2\/comments?post=114554"}],"version-history":[{"count":1,"href":"https:\/\/eldiariodesanpedro.com.ar\/sitio\/wp-json\/wp\/v2\/posts\/114554\/revisions"}],"predecessor-version":[{"id":114556,"href":"https:\/\/eldiariodesanpedro.com.ar\/sitio\/wp-json\/wp\/v2\/posts\/114554\/revisions\/114556"}],"wp:featuredmedia":[{"embeddable":true,"href":"https:\/\/eldiariodesanpedro.com.ar\/sitio\/wp-json\/wp\/v2\/media\/114555"}],"wp:attachment":[{"href":"https:\/\/eldiariodesanpedro.com.ar\/sitio\/wp-json\/wp\/v2\/media?parent=114554"}],"wp:term":[{"taxonomy":"category","embeddable":true,"href":"https:\/\/eldiariodesanpedro.com.ar\/sitio\/wp-json\/wp\/v2\/categories?post=114554"},{"taxonomy":"post_tag","embeddable":true,"href":"https:\/\/eldiariodesanpedro.com.ar\/sitio\/wp-json\/wp\/v2\/tags?post=114554"}],"curies":[{"name":"wp","href":"https:\/\/api.w.org\/{rel}","templated":true}]}}