{"id":114551,"date":"2023-01-27T16:52:40","date_gmt":"2023-01-27T19:52:40","guid":{"rendered":"https:\/\/eldiariodesanpedro.com.ar\/sitio\/?p=114551"},"modified":"2023-01-27T16:52:41","modified_gmt":"2023-01-27T19:52:41","slug":"yazmin-balague-se-desperto-y-sera-trasladada-a-una-sala-comun-su-bebe-se-encuentra-estable","status":"publish","type":"post","link":"https:\/\/eldiariodesanpedro.com.ar\/sitio\/yazmin-balague-se-desperto-y-sera-trasladada-a-una-sala-comun-su-bebe-se-encuentra-estable\/","title":{"rendered":"Yazm\u00edn Balagu\u00e9 se despert\u00f3 y ser\u00e1 trasladada a una sala com\u00fan, su bebe se encuentra estable"},"content":{"rendered":"<!-- VideographyWP Plugin Message: Automatic video embedding prevented by plugin options. -->\n\n<p>Este mediod\u00eda sus familiares y amigos informaron que la joven que se encontraba en grave estado internada en el hospital local recupero la conciencia y en las pr\u00f3ximas horas ser\u00e1 traslada a una habitaci\u00f3n com\u00fan.<\/p>\n\n\n\n<p>\u00ab<em>Hola Buenas tardes, soy la t\u00eda de yazmin quer\u00eda avisar que YAZMIN BALAGUE Anoche Despert\u00f3 y pregunto por su mam\u00e1, Su mam\u00e1 estuvo con ella. Y hoy ya est\u00e1 mucho mejor, Ma\u00f1ana la pasan a sala com\u00fan. Hoy pudimos verla, yo le di de comer, ya pudo comer un poquito!!! Tambi\u00e9n quiero agradecer por los que estan rezando por ella y su beb\u00e9.<br>Agradezco a toda la gente que esta colaborando. sabemos muy bien cada uno de los que colabora.. Graciass<\/em>\u00ab<\/p>\n\n\n\n<p>Tambi\u00e9n aseguraron que su bebe Natanael y se encuentra estable en el hospital San Felipe de San Nicol\u00e1s.<\/p>\n","protected":false},"excerpt":{"rendered":"<p>Este mediod\u00eda sus familiares y amigos informaron que la joven que se encontraba en grave estado internada en el hospital local recupero la conciencia y en las pr\u00f3ximas horas ser\u00e1 traslada a una habitaci\u00f3n com\u00fan. \u00abHola Buenas tardes, soy la t\u00eda de yazmin quer\u00eda avisar que YAZMIN BALAGUE Anoche Despert\u00f3 y pregunto por su mam\u00e1, [&hellip;]<\/p>\n","protected":false},"author":4,"featured_media":114552,"comment_status":"closed","ping_status":"closed","sticky":false,"template":"","format":"standard","meta":{"om_disable_all_campaigns":false,"_jetpack_memberships_contains_paid_content":false,"footnotes":""},"categories":[50,101,2],"tags":[197,696,33,19],"class_list":["post-114551","post","type-post","status-publish","format-standard","has-post-thumbnail","hentry","category-destacadas","category-interes-general-locales","category-locales","tag-buenos-aires","tag-interes-general","tag-locales","tag-san-pedro"],"aioseo_notices":[],"gutentor_comment":0,"jetpack_featured_media_url":"https:\/\/eldiariodesanpedro.com.ar\/sitio\/wp-content\/uploads\/2023\/01\/Yasmin-Balague-y-su-bebe.jpg","jetpack_shortlink":"https:\/\/wp.me\/p6RhLt-tNB","jetpack_sharing_enabled":true,"_links":{"self":[{"href":"https:\/\/eldiariodesanpedro.com.ar\/sitio\/wp-json\/wp\/v2\/posts\/114551","targetHints":{"allow":["GET"]}}],"collection":[{"href":"https:\/\/eldiariodesanpedro.com.ar\/sitio\/wp-json\/wp\/v2\/posts"}],"about":[{"href":"https:\/\/eldiariodesanpedro.com.ar\/sitio\/wp-json\/wp\/v2\/types\/post"}],"author":[{"embeddable":true,"href":"https:\/\/eldiariodesanpedro.com.ar\/sitio\/wp-json\/wp\/v2\/users\/4"}],"replies":[{"embeddable":true,"href":"https:\/\/eldiariodesanpedro.com.ar\/sitio\/wp-json\/wp\/v2\/comments?post=114551"}],"version-history":[{"count":1,"href":"https:\/\/eldiariodesanpedro.com.ar\/sitio\/wp-json\/wp\/v2\/posts\/114551\/revisions"}],"predecessor-version":[{"id":114553,"href":"https:\/\/eldiariodesanpedro.com.ar\/sitio\/wp-json\/wp\/v2\/posts\/114551\/revisions\/114553"}],"wp:featuredmedia":[{"embeddable":true,"href":"https:\/\/eldiariodesanpedro.com.ar\/sitio\/wp-json\/wp\/v2\/media\/114552"}],"wp:attachment":[{"href":"https:\/\/eldiariodesanpedro.com.ar\/sitio\/wp-json\/wp\/v2\/media?parent=114551"}],"wp:term":[{"taxonomy":"category","embeddable":true,"href":"https:\/\/eldiariodesanpedro.com.ar\/sitio\/wp-json\/wp\/v2\/categories?post=114551"},{"taxonomy":"post_tag","embeddable":true,"href":"https:\/\/eldiariodesanpedro.com.ar\/sitio\/wp-json\/wp\/v2\/tags?post=114551"}],"curies":[{"name":"wp","href":"https:\/\/api.w.org\/{rel}","templated":true}]}}