{"id":114542,"date":"2023-01-27T16:17:11","date_gmt":"2023-01-27T19:17:11","guid":{"rendered":"https:\/\/eldiariodesanpedro.com.ar\/sitio\/?p=114542"},"modified":"2023-01-27T16:18:55","modified_gmt":"2023-01-27T19:18:55","slug":"programa-mi-pieza-para-mejoras-refacciones-y-ampliaciones-de-viviendas-como-informarse-e-inscribirse","status":"publish","type":"post","link":"https:\/\/eldiariodesanpedro.com.ar\/sitio\/programa-mi-pieza-para-mejoras-refacciones-y-ampliaciones-de-viviendas-como-informarse-e-inscribirse\/","title":{"rendered":"Programa \u201cMi Pieza\u201d para mejoras, refacciones y ampliaciones de viviendas, como informarse e inscribirse"},"content":{"rendered":"<!-- VideographyWP Plugin Message: Automatic video embedding prevented by plugin options. -->\n\n<p>La Direcci\u00f3n de Comisiones de Fomento dependiente de la Secretar\u00eda de Desarrollo Humano invita a la reuni\u00f3n de asesoramiento sobre el programa \u201cMi Pieza\u201d que tendr\u00e1 lugar el d\u00eda lunes 30 de enero a las 9.00 hs. en la Delegaci\u00f3n Municipal de R\u00edo Tala y el mi\u00e9rcoles 1 de febrero a las 9.30 hs. en el Centro de Salud de Bajo Tala.<\/p>\n\n\n\n<p>\u201cMi Pieza\u201d es un programa destinado a mujeres mayores de 18 a\u00f1os residentes en barrios populares del RENABAP que brinda asistencia econ\u00f3mica para refacciones, mejoras y\/o ampliaciones de la vivienda. Los interesados deber\u00e1n concurrir a la reuni\u00f3n con el DNI.<\/p>\n\n\n\n<figure class=\"wp-block-image size-full\"><img decoding=\"async\" width=\"630\" height=\"630\" data-attachment-id=\"114547\" data-permalink=\"https:\/\/eldiariodesanpedro.com.ar\/sitio\/programa-mi-pieza-para-mejoras-refacciones-y-ampliaciones-de-viviendas-como-informarse-e-inscribirse\/whatsapp-image-2023-01-27-at-12-47-37\/\" data-orig-file=\"https:\/\/eldiariodesanpedro.com.ar\/sitio\/wp-content\/uploads\/2023\/01\/WhatsApp-Image-2023-01-27-at-12.47.37.jpeg\" data-orig-size=\"630,630\" data-comments-opened=\"0\" data-image-meta=\"{&quot;aperture&quot;:&quot;0&quot;,&quot;credit&quot;:&quot;&quot;,&quot;camera&quot;:&quot;&quot;,&quot;caption&quot;:&quot;&quot;,&quot;created_timestamp&quot;:&quot;0&quot;,&quot;copyright&quot;:&quot;&quot;,&quot;focal_length&quot;:&quot;0&quot;,&quot;iso&quot;:&quot;0&quot;,&quot;shutter_speed&quot;:&quot;0&quot;,&quot;title&quot;:&quot;&quot;,&quot;orientation&quot;:&quot;0&quot;}\" data-image-title=\"WhatsApp-Image-2023-01-27-at-12.47.37\" data-image-description=\"\" data-image-caption=\"\" data-large-file=\"https:\/\/eldiariodesanpedro.com.ar\/sitio\/wp-content\/uploads\/2023\/01\/WhatsApp-Image-2023-01-27-at-12.47.37.jpeg\" data-src=\"https:\/\/eldiariodesanpedro.com.ar\/sitio\/wp-content\/uploads\/2023\/01\/WhatsApp-Image-2023-01-27-at-12.47.37.jpeg\" alt=\"\" class=\"wp-image-114547 lazyload\" data-srcset=\"https:\/\/eldiariodesanpedro.com.ar\/sitio\/wp-content\/uploads\/2023\/01\/WhatsApp-Image-2023-01-27-at-12.47.37.jpeg 630w, https:\/\/eldiariodesanpedro.com.ar\/sitio\/wp-content\/uploads\/2023\/01\/WhatsApp-Image-2023-01-27-at-12.47.37-300x300.jpeg 300w, https:\/\/eldiariodesanpedro.com.ar\/sitio\/wp-content\/uploads\/2023\/01\/WhatsApp-Image-2023-01-27-at-12.47.37-150x150.jpeg 150w\" data-sizes=\"(max-width: 630px) 100vw, 630px\" src=\"data:image\/svg+xml;base64,PHN2ZyB3aWR0aD0iMSIgaGVpZ2h0PSIxIiB4bWxucz0iaHR0cDovL3d3dy53My5vcmcvMjAwMC9zdmciPjwvc3ZnPg==\" style=\"--smush-placeholder-width: 630px; --smush-placeholder-aspect-ratio: 630\/630;\" \/><\/figure>\n\n\n\n<figure class=\"wp-block-embed is-type-video is-provider-youtube wp-block-embed-youtube wp-embed-aspect-16-9 wp-has-aspect-ratio\"><div class=\"wp-block-embed__wrapper\">\n<iframe  style=\"display: block; margin: 0px auto;\"  id=\"_ytid_28607\"  width=\"640\" height=\"360\"  data-origwidth=\"640\" data-origheight=\"360\" src=\"https:\/\/www.youtube.com\/embed\/Sem2I5t4qV8?enablejsapi=1&#038;autoplay=0&#038;cc_load_policy=0&#038;cc_lang_pref=&#038;iv_load_policy=1&#038;loop=0&#038;rel=1&#038;fs=1&#038;playsinline=0&#038;autohide=2&#038;theme=dark&#038;color=red&#038;controls=1&#038;disablekb=0&#038;\" class=\"__youtube_prefs__  epyt-is-override  no-lazyload\" title=\"YouTube player\"  allow=\"fullscreen; accelerometer; autoplay; clipboard-write; encrypted-media; gyroscope; picture-in-picture; web-share\" referrerpolicy=\"strict-origin-when-cross-origin\" allowfullscreen data-no-lazy=\"1\" data-skipgform_ajax_framebjll=\"\"><\/iframe>\n<\/div><\/figure>\n","protected":false},"excerpt":{"rendered":"<p>La Direcci\u00f3n de Comisiones de Fomento dependiente de la Secretar\u00eda de Desarrollo Humano invita a la reuni\u00f3n de asesoramiento sobre el programa \u201cMi Pieza\u201d que tendr\u00e1 lugar el d\u00eda lunes 30 de enero a las 9.00 hs. en la Delegaci\u00f3n Municipal de R\u00edo Tala y el mi\u00e9rcoles 1 de febrero a las 9.30 hs. en [&hellip;]<\/p>\n","protected":false},"author":4,"featured_media":114543,"comment_status":"closed","ping_status":"closed","sticky":false,"template":"","format":"standard","meta":{"om_disable_all_campaigns":false,"_jetpack_memberships_contains_paid_content":false,"footnotes":""},"categories":[101,2],"tags":[197,696,33,19],"class_list":["post-114542","post","type-post","status-publish","format-standard","has-post-thumbnail","hentry","category-interes-general-locales","category-locales","tag-buenos-aires","tag-interes-general","tag-locales","tag-san-pedro"],"aioseo_notices":[],"gutentor_comment":0,"jetpack_featured_media_url":"https:\/\/eldiariodesanpedro.com.ar\/sitio\/wp-content\/uploads\/2023\/01\/medida-2-36.jpg","jetpack_shortlink":"https:\/\/wp.me\/p6RhLt-tNs","jetpack_sharing_enabled":true,"_links":{"self":[{"href":"https:\/\/eldiariodesanpedro.com.ar\/sitio\/wp-json\/wp\/v2\/posts\/114542","targetHints":{"allow":["GET"]}}],"collection":[{"href":"https:\/\/eldiariodesanpedro.com.ar\/sitio\/wp-json\/wp\/v2\/posts"}],"about":[{"href":"https:\/\/eldiariodesanpedro.com.ar\/sitio\/wp-json\/wp\/v2\/types\/post"}],"author":[{"embeddable":true,"href":"https:\/\/eldiariodesanpedro.com.ar\/sitio\/wp-json\/wp\/v2\/users\/4"}],"replies":[{"embeddable":true,"href":"https:\/\/eldiariodesanpedro.com.ar\/sitio\/wp-json\/wp\/v2\/comments?post=114542"}],"version-history":[{"count":2,"href":"https:\/\/eldiariodesanpedro.com.ar\/sitio\/wp-json\/wp\/v2\/posts\/114542\/revisions"}],"predecessor-version":[{"id":114548,"href":"https:\/\/eldiariodesanpedro.com.ar\/sitio\/wp-json\/wp\/v2\/posts\/114542\/revisions\/114548"}],"wp:featuredmedia":[{"embeddable":true,"href":"https:\/\/eldiariodesanpedro.com.ar\/sitio\/wp-json\/wp\/v2\/media\/114543"}],"wp:attachment":[{"href":"https:\/\/eldiariodesanpedro.com.ar\/sitio\/wp-json\/wp\/v2\/media?parent=114542"}],"wp:term":[{"taxonomy":"category","embeddable":true,"href":"https:\/\/eldiariodesanpedro.com.ar\/sitio\/wp-json\/wp\/v2\/categories?post=114542"},{"taxonomy":"post_tag","embeddable":true,"href":"https:\/\/eldiariodesanpedro.com.ar\/sitio\/wp-json\/wp\/v2\/tags?post=114542"}],"curies":[{"name":"wp","href":"https:\/\/api.w.org\/{rel}","templated":true}]}}