{"id":114539,"date":"2023-01-27T16:10:03","date_gmt":"2023-01-27T19:10:03","guid":{"rendered":"https:\/\/eldiariodesanpedro.com.ar\/sitio\/?p=114539"},"modified":"2023-01-27T16:10:05","modified_gmt":"2023-01-27T19:10:05","slug":"se-terminaron-las-tareas-del-helicoptero-chinook-y-de-los-brigadistas-en-las-islas","status":"publish","type":"post","link":"https:\/\/eldiariodesanpedro.com.ar\/sitio\/se-terminaron-las-tareas-del-helicoptero-chinook-y-de-los-brigadistas-en-las-islas\/","title":{"rendered":"Se terminaron las tareas del helic\u00f3ptero Chinook y de los brigadistas en las islas"},"content":{"rendered":"<!-- VideographyWP Plugin Message: Automatic video embedding prevented by plugin options. -->\n\n<p>El Servicio Nacional de Manejo del Fuego del Min. de Ambiente y Desarrollo Sostenible di\u00f3 por finalizadas las tareas en nuestra zona.<\/p>\n\n\n\n<p>Fabio Giovanettoni, director de Defensa Civil de la Municipalidad de San Pedro inform\u00f3: \u00abEn el d\u00eda de la fecha se dio por culminada la tarea de extinci\u00f3n de incendios con base operativa en el Estadio Municipal\u00bb.<\/p>\n\n\n\n<p>\u00abA partir de ma\u00f1ana se efectuar\u00e1 un sobrevuelo sobre la zona afectada a los efectos de ver c\u00f3mo qued\u00f3 la situaci\u00f3n\u00bb, explic\u00f3 seguidamente.<\/p>\n\n\n\n<p>En cuanto a las tareas realizadas cont\u00f3: \u00abm\u00e1s del 90 x ciento de los incendios han sido extinguidos despu\u00e9s de 20 d\u00edas de intenso trabajo de parte de todas las fuerzas participantes\u00bb.<\/p>\n\n\n\n<p>\u00abDe parte de el comando operativo,se agradece la gran predisposici\u00f3n y colaboraci\u00f3n de parte del Director de Deportes,Mariano Arnal y todo su equipo municipal de trabajo\u00bb, agreg\u00f3.<\/p>\n\n\n\n<p>\u00abEn caso de ser necesario activar el operativo se har\u00e1 desde el Aeroclub San Pedro\u00bb, finaliz\u00f3.<\/p>\n\n\n\n<iframe data-src=\"https:\/\/www.facebook.com\/plugins\/video.php?height=314&#038;href=https%3A%2F%2Fwww.facebook.com%2Feldiario.sanpedro.7%2Fvideos%2F2429601160529757%2F&#038;show_text=false&#038;width=560&#038;t=0\" width=\"560\" height=\"314\" style=\"border:none;overflow:hidden\" scrolling=\"no\" frameborder=\"0\" allowfullscreen=\"true\" allow=\"autoplay; clipboard-write; encrypted-media; picture-in-picture; web-share\" allowFullScreen=\"true\" src=\"data:image\/svg+xml;base64,PHN2ZyB3aWR0aD0iMSIgaGVpZ2h0PSIxIiB4bWxucz0iaHR0cDovL3d3dy53My5vcmcvMjAwMC9zdmciPjwvc3ZnPg==\" class=\"lazyload\" data-load-mode=\"1\"><\/iframe>\n","protected":false},"excerpt":{"rendered":"<p>El Servicio Nacional de Manejo del Fuego del Min. de Ambiente y Desarrollo Sostenible di\u00f3 por finalizadas las tareas en nuestra zona. Fabio Giovanettoni, director de Defensa Civil de la Municipalidad de San Pedro inform\u00f3: \u00abEn el d\u00eda de la fecha se dio por culminada la tarea de extinci\u00f3n de incendios con base operativa en [&hellip;]<\/p>\n","protected":false},"author":4,"featured_media":114540,"comment_status":"closed","ping_status":"closed","sticky":false,"template":"","format":"standard","meta":{"om_disable_all_campaigns":false,"_jetpack_memberships_contains_paid_content":false,"footnotes":""},"categories":[50,101,2],"tags":[],"class_list":["post-114539","post","type-post","status-publish","format-standard","has-post-thumbnail","hentry","category-destacadas","category-interes-general-locales","category-locales"],"aioseo_notices":[],"gutentor_comment":0,"jetpack_featured_media_url":"https:\/\/eldiariodesanpedro.com.ar\/sitio\/wp-content\/uploads\/2023\/01\/medida-2-35.jpg","jetpack_shortlink":"https:\/\/wp.me\/p6RhLt-tNp","jetpack_sharing_enabled":true,"_links":{"self":[{"href":"https:\/\/eldiariodesanpedro.com.ar\/sitio\/wp-json\/wp\/v2\/posts\/114539","targetHints":{"allow":["GET"]}}],"collection":[{"href":"https:\/\/eldiariodesanpedro.com.ar\/sitio\/wp-json\/wp\/v2\/posts"}],"about":[{"href":"https:\/\/eldiariodesanpedro.com.ar\/sitio\/wp-json\/wp\/v2\/types\/post"}],"author":[{"embeddable":true,"href":"https:\/\/eldiariodesanpedro.com.ar\/sitio\/wp-json\/wp\/v2\/users\/4"}],"replies":[{"embeddable":true,"href":"https:\/\/eldiariodesanpedro.com.ar\/sitio\/wp-json\/wp\/v2\/comments?post=114539"}],"version-history":[{"count":1,"href":"https:\/\/eldiariodesanpedro.com.ar\/sitio\/wp-json\/wp\/v2\/posts\/114539\/revisions"}],"predecessor-version":[{"id":114541,"href":"https:\/\/eldiariodesanpedro.com.ar\/sitio\/wp-json\/wp\/v2\/posts\/114539\/revisions\/114541"}],"wp:featuredmedia":[{"embeddable":true,"href":"https:\/\/eldiariodesanpedro.com.ar\/sitio\/wp-json\/wp\/v2\/media\/114540"}],"wp:attachment":[{"href":"https:\/\/eldiariodesanpedro.com.ar\/sitio\/wp-json\/wp\/v2\/media?parent=114539"}],"wp:term":[{"taxonomy":"category","embeddable":true,"href":"https:\/\/eldiariodesanpedro.com.ar\/sitio\/wp-json\/wp\/v2\/categories?post=114539"},{"taxonomy":"post_tag","embeddable":true,"href":"https:\/\/eldiariodesanpedro.com.ar\/sitio\/wp-json\/wp\/v2\/tags?post=114539"}],"curies":[{"name":"wp","href":"https:\/\/api.w.org\/{rel}","templated":true}]}}