{"id":114531,"date":"2023-01-27T14:59:25","date_gmt":"2023-01-27T17:59:25","guid":{"rendered":"https:\/\/eldiariodesanpedro.com.ar\/sitio\/?p=114531"},"modified":"2023-01-27T15:09:05","modified_gmt":"2023-01-27T18:09:05","slug":"baradero-no-te-va-gustar-la-vela-puerca-catupecu-las-pelotas-eruca-entre-otros-en-baradero-rock-2023","status":"publish","type":"post","link":"https:\/\/eldiariodesanpedro.com.ar\/sitio\/baradero-no-te-va-gustar-la-vela-puerca-catupecu-las-pelotas-eruca-entre-otros-en-baradero-rock-2023\/","title":{"rendered":"BARADERO | No te va gustar, La vela puerca, Catupecu, Las pelotas, Eruca entre otros en Baradero Rock 2023"},"content":{"rendered":"<!-- VideographyWP Plugin Message: Automatic video embedding prevented by plugin options. -->\n\n<p>En diciembre, el anuncio de la octava edici\u00f3n de Rock en Baradero aliment\u00f3 la ilusi\u00f3n de quienes religiosamente se suman a esta ceremonia rockera cada a\u00f1o, aunque tambi\u00e9n la expectativa: \u00bfQui\u00e9nes tocar\u00e1n en 2023?<\/p>\n\n\n\n<p>Despu\u00e9s de semanas de emoci\u00f3n y manija, el festival presenta su line-up para el pr\u00f3ximo viernes 7 y s\u00e1bado 8 de abril. M\u00e1s de 40 artistas musicalizar\u00e1n esas dos jornadas al aire libre en el anfiteatro municipal de la ciudad bonaerense, que tendr\u00e1 tres escenarios y una variada oferta de actividades.<\/p>\n\n\n\n<p>Despu\u00e9s de ver todos los nombres que conforman el cartel, una cosa queda clara: agite no va a faltar, pero la cuota chill tampoco. Una vez m\u00e1s, habr\u00e1 propuestas para todos los gustos y generaciones. Rock en Baradero promete calmar la sed de su p\u00fablico m\u00e1s fiel, el rockero, y tambi\u00e9n cautivar a nuevos visitantes.<\/p>\n\n\n\n<p>Se har\u00e1n presentes artistas consagrados, como Kapanga, Rata Blanca, Catupecu Machu, \u00c9l Mat\u00f3 A Un Polic\u00eda Motorizado, Las Pelotas, El Kuelgue, Juanse, Coti, Eruca Sativa o Nonpalidece. Muchos de ellos acumulan varias ediciones y ya son un cl\u00e1sico del festival.<\/p>\n\n\n\n<p>Cruzando el Charco, Pier, Cielo Razzo y J\u00f3venes Pordioseros prometen nutrir la vena m\u00e1s rockera del p\u00fablico; y Conociendo Rusia, dejar bien en alto la bandera de la nueva ola del rock argentino. Los Tabaleros irrumpir\u00e1n con su novedosa mezcla de folklore y punk rock. Y propuestas como las de El Plan de la Mariposa, Emmanuel Horvilleur o An Espil invitar\u00e1n a inolvidables momentos de baile y conexi\u00f3n.<\/p>\n\n\n\n<p>La dosis internacional estar\u00e1 dada por los siempre bien recibidos No Te Va Gustar y La Vela Puerca, de Uruguay, y por el espa\u00f1ol Muerdo, cantautor murciano que ya particip\u00f3 del festival en 2020.<\/p>\n\n\n\n<p>Tambi\u00e9n habr\u00e1 talentos under, como Coverheads, La Chancha Muda y Delirio RNR, y voces emergentes para las que Rock en Baradero significar\u00e1 una ventana a nuevos p\u00fablicos: M\u00eda Zeta, La Valenti, BB Asul, Mar\u00eda Codino, Carmen S\u00e1nchez Viamonte, Divina Argentina, Eve Calletti, Cata Raybaud, Paula Trama, Antonia Navarro. Y estar\u00e1n los artistas locales Mono Loco, Aye Lobato, Simp\u00e1tico Cabr\u00f3n y Ojos.<\/p>\n\n\n\n<p>Este 7 y 8 de abril todos ellos ser\u00e1n responsables de que miles de corazones latan fuerte, de que miles de gargantas queden af\u00f3nicas de cantar y de que miles de brazos y piernas se muevan acompasados al ritmo de sus canciones. Rock en Baradero es una ceremonia atemporal y este a\u00f1o promete su mejor ritual.<\/p>\n\n\n\n<figure class=\"wp-block-image size-full\"><img decoding=\"async\" width=\"523\" height=\"630\" data-attachment-id=\"114533\" data-permalink=\"https:\/\/eldiariodesanpedro.com.ar\/sitio\/baradero-no-te-va-gustar-la-vela-puerca-catupecu-las-pelotas-eruca-entre-otros-en-baradero-rock-2023\/unnamed-202\/\" data-orig-file=\"https:\/\/eldiariodesanpedro.com.ar\/sitio\/wp-content\/uploads\/2023\/01\/unnamed.jpg\" data-orig-size=\"523,630\" data-comments-opened=\"0\" data-image-meta=\"{&quot;aperture&quot;:&quot;0&quot;,&quot;credit&quot;:&quot;&quot;,&quot;camera&quot;:&quot;&quot;,&quot;caption&quot;:&quot;&quot;,&quot;created_timestamp&quot;:&quot;0&quot;,&quot;copyright&quot;:&quot;&quot;,&quot;focal_length&quot;:&quot;0&quot;,&quot;iso&quot;:&quot;0&quot;,&quot;shutter_speed&quot;:&quot;0&quot;,&quot;title&quot;:&quot;&quot;,&quot;orientation&quot;:&quot;0&quot;}\" data-image-title=\"unnamed\" data-image-description=\"\" data-image-caption=\"\" data-large-file=\"https:\/\/eldiariodesanpedro.com.ar\/sitio\/wp-content\/uploads\/2023\/01\/unnamed.jpg\" data-src=\"https:\/\/eldiariodesanpedro.com.ar\/sitio\/wp-content\/uploads\/2023\/01\/unnamed.jpg\" alt=\"\" class=\"wp-image-114533 lazyload\" data-srcset=\"https:\/\/eldiariodesanpedro.com.ar\/sitio\/wp-content\/uploads\/2023\/01\/unnamed.jpg 523w, https:\/\/eldiariodesanpedro.com.ar\/sitio\/wp-content\/uploads\/2023\/01\/unnamed-249x300.jpg 249w\" data-sizes=\"(max-width: 523px) 100vw, 523px\" src=\"data:image\/svg+xml;base64,PHN2ZyB3aWR0aD0iMSIgaGVpZ2h0PSIxIiB4bWxucz0iaHR0cDovL3d3dy53My5vcmcvMjAwMC9zdmciPjwvc3ZnPg==\" style=\"--smush-placeholder-width: 523px; --smush-placeholder-aspect-ratio: 523\/630;\" \/><\/figure>\n","protected":false},"excerpt":{"rendered":"<p>En diciembre, el anuncio de la octava edici\u00f3n de Rock en Baradero aliment\u00f3 la ilusi\u00f3n de quienes religiosamente se suman a esta ceremonia rockera cada a\u00f1o, aunque tambi\u00e9n la expectativa: \u00bfQui\u00e9nes tocar\u00e1n en 2023? Despu\u00e9s de semanas de emoci\u00f3n y manija, el festival presenta su line-up para el pr\u00f3ximo viernes 7 y s\u00e1bado 8 de [&hellip;]<\/p>\n","protected":false},"author":4,"featured_media":114532,"comment_status":"closed","ping_status":"closed","sticky":false,"template":"","format":"standard","meta":{"om_disable_all_campaigns":false,"_jetpack_memberships_contains_paid_content":false,"footnotes":""},"categories":[50,621],"tags":[197,696,33,19],"class_list":["post-114531","post","type-post","status-publish","format-standard","has-post-thumbnail","hentry","category-destacadas","category-regionales","tag-buenos-aires","tag-interes-general","tag-locales","tag-san-pedro"],"aioseo_notices":[],"gutentor_comment":0,"jetpack_featured_media_url":"https:\/\/eldiariodesanpedro.com.ar\/sitio\/wp-content\/uploads\/2023\/01\/Reb22-2.jpg","jetpack_shortlink":"https:\/\/wp.me\/p6RhLt-tNh","jetpack_sharing_enabled":true,"_links":{"self":[{"href":"https:\/\/eldiariodesanpedro.com.ar\/sitio\/wp-json\/wp\/v2\/posts\/114531","targetHints":{"allow":["GET"]}}],"collection":[{"href":"https:\/\/eldiariodesanpedro.com.ar\/sitio\/wp-json\/wp\/v2\/posts"}],"about":[{"href":"https:\/\/eldiariodesanpedro.com.ar\/sitio\/wp-json\/wp\/v2\/types\/post"}],"author":[{"embeddable":true,"href":"https:\/\/eldiariodesanpedro.com.ar\/sitio\/wp-json\/wp\/v2\/users\/4"}],"replies":[{"embeddable":true,"href":"https:\/\/eldiariodesanpedro.com.ar\/sitio\/wp-json\/wp\/v2\/comments?post=114531"}],"version-history":[{"count":2,"href":"https:\/\/eldiariodesanpedro.com.ar\/sitio\/wp-json\/wp\/v2\/posts\/114531\/revisions"}],"predecessor-version":[{"id":114535,"href":"https:\/\/eldiariodesanpedro.com.ar\/sitio\/wp-json\/wp\/v2\/posts\/114531\/revisions\/114535"}],"wp:featuredmedia":[{"embeddable":true,"href":"https:\/\/eldiariodesanpedro.com.ar\/sitio\/wp-json\/wp\/v2\/media\/114532"}],"wp:attachment":[{"href":"https:\/\/eldiariodesanpedro.com.ar\/sitio\/wp-json\/wp\/v2\/media?parent=114531"}],"wp:term":[{"taxonomy":"category","embeddable":true,"href":"https:\/\/eldiariodesanpedro.com.ar\/sitio\/wp-json\/wp\/v2\/categories?post=114531"},{"taxonomy":"post_tag","embeddable":true,"href":"https:\/\/eldiariodesanpedro.com.ar\/sitio\/wp-json\/wp\/v2\/tags?post=114531"}],"curies":[{"name":"wp","href":"https:\/\/api.w.org\/{rel}","templated":true}]}}