{"id":114511,"date":"2023-01-27T11:01:53","date_gmt":"2023-01-27T14:01:53","guid":{"rendered":"https:\/\/eldiariodesanpedro.com.ar\/sitio\/?p=114511"},"modified":"2023-01-27T11:01:54","modified_gmt":"2023-01-27T14:01:54","slug":"visita-de-representantes-del-ministerio-de-turismo-y-el-coprotur","status":"publish","type":"post","link":"https:\/\/eldiariodesanpedro.com.ar\/sitio\/visita-de-representantes-del-ministerio-de-turismo-y-el-coprotur\/","title":{"rendered":"Visita de representantes del Ministerio de Turismo y el COPROTUR"},"content":{"rendered":"<!-- VideographyWP Plugin Message: Automatic video embedding prevented by plugin options. -->\n\n<p>El Intendente Municipal Ram\u00f3n Salazar y la Secretaria de Turismo y Cultura Marcela Cu\u00f1er recibieron esta tarde al Director Nacional de Planificaci\u00f3n y Desarrollo del Ministerio de Turismo de la Naci\u00f3n Sergio Castro, Mart\u00edn Parzianello, director de Turismo y Cultura del Congreso de la Naci\u00f3n y Hern\u00e1n Zacardi, Director de Turismo de Escobar y Presidente del Polo 2 del COPROTUR, Consejo Provincial de Turismo.<\/p>\n\n\n\n<p>Como resultado de la relaci\u00f3n que se mantiene desde San Pedro con cada uno de estos organismos y especialmente por la presencia activa de nuestro distrito en el corredor provincial, se gest\u00f3 este encuentro para compartir un relevamiento de la situaci\u00f3n general del turismo en nuestra zona y las oportunidades de participaci\u00f3n en programas elaborados para el fomento de la actividad e inversiones relacionadas con la infraestructura dedicada a elevar la calidad de los servicios.<\/p>\n\n\n\n<p>El Intendente y la Secretaria de Turismo y Cultura remarcaron la importancia que tiene la actividad que viene creciendo constantemente y que constituye un impulso fundamental para la econom\u00eda y las fuentes de trabajo. En este sentido, se acord\u00f3 analizar la factibilidad de la presentaci\u00f3n de diferentes programas sobre los cu\u00e1les se trabaja ya con otras ciudades, tanto desde el Ministerio como desde el Congreso Nacional y el Corredor Provincial y a los cu\u00e1les podr\u00eda sumarse la Municipalidad de San Pedro en el mediano y largo plazo.<\/p>\n\n\n\n<figure class=\"wp-block-image size-full\"><img decoding=\"async\" width=\"945\" height=\"630\" data-attachment-id=\"114513\" data-permalink=\"https:\/\/eldiariodesanpedro.com.ar\/sitio\/visita-de-representantes-del-ministerio-de-turismo-y-el-coprotur\/whatsapp-image-2023-01-27-at-08-24-13-1\/\" data-orig-file=\"https:\/\/eldiariodesanpedro.com.ar\/sitio\/wp-content\/uploads\/2023\/01\/WhatsApp-Image-2023-01-27-at-08.24.13-1.jpeg\" data-orig-size=\"945,630\" data-comments-opened=\"0\" data-image-meta=\"{&quot;aperture&quot;:&quot;0&quot;,&quot;credit&quot;:&quot;&quot;,&quot;camera&quot;:&quot;&quot;,&quot;caption&quot;:&quot;&quot;,&quot;created_timestamp&quot;:&quot;0&quot;,&quot;copyright&quot;:&quot;&quot;,&quot;focal_length&quot;:&quot;0&quot;,&quot;iso&quot;:&quot;0&quot;,&quot;shutter_speed&quot;:&quot;0&quot;,&quot;title&quot;:&quot;&quot;,&quot;orientation&quot;:&quot;0&quot;}\" data-image-title=\"WhatsApp Image 2023-01-27 at 08.24.13 (1)\" data-image-description=\"\" data-image-caption=\"\" data-large-file=\"https:\/\/eldiariodesanpedro.com.ar\/sitio\/wp-content\/uploads\/2023\/01\/WhatsApp-Image-2023-01-27-at-08.24.13-1.jpeg\" data-src=\"https:\/\/eldiariodesanpedro.com.ar\/sitio\/wp-content\/uploads\/2023\/01\/WhatsApp-Image-2023-01-27-at-08.24.13-1.jpeg\" alt=\"\" class=\"wp-image-114513 lazyload\" data-srcset=\"https:\/\/eldiariodesanpedro.com.ar\/sitio\/wp-content\/uploads\/2023\/01\/WhatsApp-Image-2023-01-27-at-08.24.13-1.jpeg 945w, https:\/\/eldiariodesanpedro.com.ar\/sitio\/wp-content\/uploads\/2023\/01\/WhatsApp-Image-2023-01-27-at-08.24.13-1-300x200.jpeg 300w, https:\/\/eldiariodesanpedro.com.ar\/sitio\/wp-content\/uploads\/2023\/01\/WhatsApp-Image-2023-01-27-at-08.24.13-1-768x512.jpeg 768w\" data-sizes=\"(max-width: 945px) 100vw, 945px\" src=\"data:image\/svg+xml;base64,PHN2ZyB3aWR0aD0iMSIgaGVpZ2h0PSIxIiB4bWxucz0iaHR0cDovL3d3dy53My5vcmcvMjAwMC9zdmciPjwvc3ZnPg==\" style=\"--smush-placeholder-width: 945px; --smush-placeholder-aspect-ratio: 945\/630;\" \/><\/figure>\n\n\n\n<figure class=\"wp-block-image size-full\"><img decoding=\"async\" width=\"945\" height=\"630\" data-attachment-id=\"114515\" data-permalink=\"https:\/\/eldiariodesanpedro.com.ar\/sitio\/visita-de-representantes-del-ministerio-de-turismo-y-el-coprotur\/whatsapp-image-2023-01-27-at-08-24-13\/\" data-orig-file=\"https:\/\/eldiariodesanpedro.com.ar\/sitio\/wp-content\/uploads\/2023\/01\/WhatsApp-Image-2023-01-27-at-08.24.13.jpeg\" data-orig-size=\"945,630\" data-comments-opened=\"0\" data-image-meta=\"{&quot;aperture&quot;:&quot;0&quot;,&quot;credit&quot;:&quot;&quot;,&quot;camera&quot;:&quot;&quot;,&quot;caption&quot;:&quot;&quot;,&quot;created_timestamp&quot;:&quot;0&quot;,&quot;copyright&quot;:&quot;&quot;,&quot;focal_length&quot;:&quot;0&quot;,&quot;iso&quot;:&quot;0&quot;,&quot;shutter_speed&quot;:&quot;0&quot;,&quot;title&quot;:&quot;&quot;,&quot;orientation&quot;:&quot;0&quot;}\" data-image-title=\"WhatsApp Image 2023-01-27 at 08.24.13\" data-image-description=\"\" data-image-caption=\"\" data-large-file=\"https:\/\/eldiariodesanpedro.com.ar\/sitio\/wp-content\/uploads\/2023\/01\/WhatsApp-Image-2023-01-27-at-08.24.13.jpeg\" data-src=\"https:\/\/eldiariodesanpedro.com.ar\/sitio\/wp-content\/uploads\/2023\/01\/WhatsApp-Image-2023-01-27-at-08.24.13.jpeg\" alt=\"\" class=\"wp-image-114515 lazyload\" data-srcset=\"https:\/\/eldiariodesanpedro.com.ar\/sitio\/wp-content\/uploads\/2023\/01\/WhatsApp-Image-2023-01-27-at-08.24.13.jpeg 945w, https:\/\/eldiariodesanpedro.com.ar\/sitio\/wp-content\/uploads\/2023\/01\/WhatsApp-Image-2023-01-27-at-08.24.13-300x200.jpeg 300w, https:\/\/eldiariodesanpedro.com.ar\/sitio\/wp-content\/uploads\/2023\/01\/WhatsApp-Image-2023-01-27-at-08.24.13-768x512.jpeg 768w\" data-sizes=\"(max-width: 945px) 100vw, 945px\" src=\"data:image\/svg+xml;base64,PHN2ZyB3aWR0aD0iMSIgaGVpZ2h0PSIxIiB4bWxucz0iaHR0cDovL3d3dy53My5vcmcvMjAwMC9zdmciPjwvc3ZnPg==\" style=\"--smush-placeholder-width: 945px; --smush-placeholder-aspect-ratio: 945\/630;\" \/><\/figure>\n","protected":false},"excerpt":{"rendered":"<p>El Intendente Municipal Ram\u00f3n Salazar y la Secretaria de Turismo y Cultura Marcela Cu\u00f1er recibieron esta tarde al Director Nacional de Planificaci\u00f3n y Desarrollo del Ministerio de Turismo de la Naci\u00f3n Sergio Castro, Mart\u00edn Parzianello, director de Turismo y Cultura del Congreso de la Naci\u00f3n y Hern\u00e1n Zacardi, Director de Turismo de Escobar y Presidente [&hellip;]<\/p>\n","protected":false},"author":4,"featured_media":114514,"comment_status":"closed","ping_status":"closed","sticky":false,"template":"","format":"standard","meta":{"om_disable_all_campaigns":false,"_jetpack_memberships_contains_paid_content":false,"footnotes":""},"categories":[50,101,2],"tags":[197,696,33,19],"class_list":["post-114511","post","type-post","status-publish","format-standard","has-post-thumbnail","hentry","category-destacadas","category-interes-general-locales","category-locales","tag-buenos-aires","tag-interes-general","tag-locales","tag-san-pedro"],"aioseo_notices":[],"gutentor_comment":0,"jetpack_featured_media_url":"https:\/\/eldiariodesanpedro.com.ar\/sitio\/wp-content\/uploads\/2023\/01\/WhatsApp-Image-2023-01-27-at-08.24.13-2.jpeg","jetpack_shortlink":"https:\/\/wp.me\/p6RhLt-tMX","jetpack_sharing_enabled":true,"_links":{"self":[{"href":"https:\/\/eldiariodesanpedro.com.ar\/sitio\/wp-json\/wp\/v2\/posts\/114511","targetHints":{"allow":["GET"]}}],"collection":[{"href":"https:\/\/eldiariodesanpedro.com.ar\/sitio\/wp-json\/wp\/v2\/posts"}],"about":[{"href":"https:\/\/eldiariodesanpedro.com.ar\/sitio\/wp-json\/wp\/v2\/types\/post"}],"author":[{"embeddable":true,"href":"https:\/\/eldiariodesanpedro.com.ar\/sitio\/wp-json\/wp\/v2\/users\/4"}],"replies":[{"embeddable":true,"href":"https:\/\/eldiariodesanpedro.com.ar\/sitio\/wp-json\/wp\/v2\/comments?post=114511"}],"version-history":[{"count":1,"href":"https:\/\/eldiariodesanpedro.com.ar\/sitio\/wp-json\/wp\/v2\/posts\/114511\/revisions"}],"predecessor-version":[{"id":114516,"href":"https:\/\/eldiariodesanpedro.com.ar\/sitio\/wp-json\/wp\/v2\/posts\/114511\/revisions\/114516"}],"wp:featuredmedia":[{"embeddable":true,"href":"https:\/\/eldiariodesanpedro.com.ar\/sitio\/wp-json\/wp\/v2\/media\/114514"}],"wp:attachment":[{"href":"https:\/\/eldiariodesanpedro.com.ar\/sitio\/wp-json\/wp\/v2\/media?parent=114511"}],"wp:term":[{"taxonomy":"category","embeddable":true,"href":"https:\/\/eldiariodesanpedro.com.ar\/sitio\/wp-json\/wp\/v2\/categories?post=114511"},{"taxonomy":"post_tag","embeddable":true,"href":"https:\/\/eldiariodesanpedro.com.ar\/sitio\/wp-json\/wp\/v2\/tags?post=114511"}],"curies":[{"name":"wp","href":"https:\/\/api.w.org\/{rel}","templated":true}]}}