{"id":114504,"date":"2023-01-27T09:57:11","date_gmt":"2023-01-27T12:57:11","guid":{"rendered":"https:\/\/eldiariodesanpedro.com.ar\/sitio\/?p=114504"},"modified":"2023-01-27T09:57:13","modified_gmt":"2023-01-27T12:57:13","slug":"edicto-de-sucesion-de-catalina-castellano","status":"publish","type":"post","link":"https:\/\/eldiariodesanpedro.com.ar\/sitio\/edicto-de-sucesion-de-catalina-castellano\/","title":{"rendered":"Edicto de Sucesi\u00f3n de Catalina Castellano"},"content":{"rendered":"<!-- VideographyWP Plugin Message: Automatic video embedding prevented by plugin options. -->\n\n<p>El Juzgado Primera Instancia en lo Civil y Comercial N\u00ba 6, Secretar\u00eda Unica, del Depto. Judicial de San Nicol\u00e1s, cita y emplaza por el t\u00e9rmino de 30 d\u00edas a herederos y acreedores de Catalina Castellano.- San Nicol\u00e1s, 16&nbsp; de diciembre de 2022.-<\/p>\n\n\n\n<p>HORMAZABAL JOSE ANTONIO<br>AUXILIAR LETRADO<\/p>\n\n\n\n<p>(Publicaci\u00f3n V\u00e1lida por los d\u00edas 27, 28, y 29 de enero de 2023)<br><a href=\"https:\/\/notificaciones.scba.gov.ar\/verificarnotificacion.aspx?codNotif=vl0z1t\">https:\/\/notificaciones.scba.gov.ar\/verificarnotificacion.aspx?codNotif=vl0z1t<\/a>&nbsp;<\/p>\n","protected":false},"excerpt":{"rendered":"<p>El Juzgado Primera Instancia en lo Civil y Comercial N\u00ba 6, Secretar\u00eda Unica, del Depto. Judicial de San Nicol\u00e1s, cita y emplaza por el t\u00e9rmino de 30 d\u00edas a herederos y acreedores de Catalina Castellano.- San Nicol\u00e1s, 16&nbsp; de diciembre de 2022.- HORMAZABAL JOSE ANTONIOAUXILIAR LETRADO (Publicaci\u00f3n V\u00e1lida por los d\u00edas 27, 28, y 29 [&hellip;]<\/p>\n","protected":false},"author":4,"featured_media":102746,"comment_status":"closed","ping_status":"closed","sticky":false,"template":"","format":"standard","meta":{"om_disable_all_campaigns":false,"_jetpack_memberships_contains_paid_content":false,"footnotes":""},"categories":[676,677],"tags":[3344],"class_list":["post-114504","post","type-post","status-publish","format-standard","has-post-thumbnail","hentry","category-edictos","category-edictos-sucesorios","tag-edicto-de-sucesion-de-catalina-castellano"],"aioseo_notices":[],"gutentor_comment":0,"jetpack_featured_media_url":"https:\/\/eldiariodesanpedro.com.ar\/sitio\/wp-content\/uploads\/2022\/01\/EDICTO.jpg","jetpack_shortlink":"https:\/\/wp.me\/p6RhLt-tMQ","jetpack_sharing_enabled":true,"_links":{"self":[{"href":"https:\/\/eldiariodesanpedro.com.ar\/sitio\/wp-json\/wp\/v2\/posts\/114504","targetHints":{"allow":["GET"]}}],"collection":[{"href":"https:\/\/eldiariodesanpedro.com.ar\/sitio\/wp-json\/wp\/v2\/posts"}],"about":[{"href":"https:\/\/eldiariodesanpedro.com.ar\/sitio\/wp-json\/wp\/v2\/types\/post"}],"author":[{"embeddable":true,"href":"https:\/\/eldiariodesanpedro.com.ar\/sitio\/wp-json\/wp\/v2\/users\/4"}],"replies":[{"embeddable":true,"href":"https:\/\/eldiariodesanpedro.com.ar\/sitio\/wp-json\/wp\/v2\/comments?post=114504"}],"version-history":[{"count":1,"href":"https:\/\/eldiariodesanpedro.com.ar\/sitio\/wp-json\/wp\/v2\/posts\/114504\/revisions"}],"predecessor-version":[{"id":114505,"href":"https:\/\/eldiariodesanpedro.com.ar\/sitio\/wp-json\/wp\/v2\/posts\/114504\/revisions\/114505"}],"wp:featuredmedia":[{"embeddable":true,"href":"https:\/\/eldiariodesanpedro.com.ar\/sitio\/wp-json\/wp\/v2\/media\/102746"}],"wp:attachment":[{"href":"https:\/\/eldiariodesanpedro.com.ar\/sitio\/wp-json\/wp\/v2\/media?parent=114504"}],"wp:term":[{"taxonomy":"category","embeddable":true,"href":"https:\/\/eldiariodesanpedro.com.ar\/sitio\/wp-json\/wp\/v2\/categories?post=114504"},{"taxonomy":"post_tag","embeddable":true,"href":"https:\/\/eldiariodesanpedro.com.ar\/sitio\/wp-json\/wp\/v2\/tags?post=114504"}],"curies":[{"name":"wp","href":"https:\/\/api.w.org\/{rel}","templated":true}]}}