{"id":114503,"date":"2023-01-27T10:51:41","date_gmt":"2023-01-27T13:51:41","guid":{"rendered":"https:\/\/eldiariodesanpedro.com.ar\/sitio\/?p=114503"},"modified":"2023-01-27T10:51:43","modified_gmt":"2023-01-27T13:51:43","slug":"la-fiesta-del-durazno-2023-consolida-una-decision-politica-para-seguir-generando-movimiento-turistico-trabajo-y-actividad-en-toda-la-region","status":"publish","type":"post","link":"https:\/\/eldiariodesanpedro.com.ar\/sitio\/la-fiesta-del-durazno-2023-consolida-una-decision-politica-para-seguir-generando-movimiento-turistico-trabajo-y-actividad-en-toda-la-region\/","title":{"rendered":"La Fiesta del Durazno 2023 consolida una decisi\u00f3n pol\u00edtica para seguir generando movimiento tur\u00edstico, trabajo y actividad en toda la regi\u00f3n"},"content":{"rendered":"<!-- VideographyWP Plugin Message: Automatic video embedding prevented by plugin options. -->\n\n<p>La Municipalidad de San Pedro felicita a todos los participantes por el \u00e9xito de la 23\u00ba edici\u00f3n de la Fiesta Provincial del Durazno y la Producci\u00f3n.<\/p>\n\n\n\n<p>Continuando con el Plan de Desarrollo Tur\u00edstico de la ciudad y las localidades del interior del Partido, la fiesta m\u00e1s popular de Gobernador Castro volvi\u00f3 a reunir a miles de personas, con un excelente trabajo coordinado desde la Secretar\u00eda de Turismo y Cultura, el Club Agricultores y una numerosa cantidad de colaboradores, la localidad de Gobernador Castro pudo disfrutar de su gran fiesta.<\/p>\n\n\n\n<p>Desde la Secretar\u00eda de Hacienda, se informa que con la recaudaci\u00f3n generada a trav\u00e9s de la venta de entradas fue posible cubrir el costo de los principales espect\u00e1culos contratados y que le otorgaron al evento la convocatoria y la relevancia que merece, por su historia y tradici\u00f3n.<\/p>\n\n\n\n<p>La participaci\u00f3n de artistas como Jairo, Los Lirios y \u00abEl Toro\u00bb Quevedo en una programaci\u00f3n que tambi\u00e9n incluy\u00f3 m\u00fasicos y bailarines de San Pedro y la zona, hizo posible que los beneficios generados por la fiesta sean compartidos por Agricultores Club, un espacio social y deportivo fundamental de la localidad, comercios de diferentes rubros, prestadores de servicios, entidades de bien p\u00fablico y hasta la parroquia que tambi\u00e9n tuvo su espacio.<\/p>\n\n\n\n<p>El merecido lugar que hoy ocupa nuestro distrito como destino tur\u00edstico, es posible en gran medida por la decisi\u00f3n pol\u00edtica del municipio, que se sostiene en el tiempo, y que como en otras ciudades del pa\u00eds, invierte en propuestas que generan visitas, ingresos, fuentes de trabajo y una actividad que termina beneficiando a toda la comunidad.<\/p>\n\n\n\n<p>Agradecemos el apoyo de toda la gente que nos acompa\u00f1\u00f3 y disfrut\u00f3 de este evento, que hace unos a\u00f1os los sampedrinos hab\u00edamos perdido.<\/p>\n","protected":false},"excerpt":{"rendered":"<p>La Municipalidad de San Pedro felicita a todos los participantes por el \u00e9xito de la 23\u00ba edici\u00f3n de la Fiesta Provincial del Durazno y la Producci\u00f3n. Continuando con el Plan de Desarrollo Tur\u00edstico de la ciudad y las localidades del interior del Partido, la fiesta m\u00e1s popular de Gobernador Castro volvi\u00f3 a reunir a miles [&hellip;]<\/p>\n","protected":false},"author":4,"featured_media":114506,"comment_status":"closed","ping_status":"closed","sticky":false,"template":"","format":"standard","meta":{"om_disable_all_campaigns":false,"_jetpack_memberships_contains_paid_content":false,"footnotes":""},"categories":[50,101,2],"tags":[197,696,33,19],"class_list":["post-114503","post","type-post","status-publish","format-standard","has-post-thumbnail","hentry","category-destacadas","category-interes-general-locales","category-locales","tag-buenos-aires","tag-interes-general","tag-locales","tag-san-pedro"],"aioseo_notices":[],"gutentor_comment":0,"jetpack_featured_media_url":"https:\/\/eldiariodesanpedro.com.ar\/sitio\/wp-content\/uploads\/2023\/01\/WhatsApp-Image-2023-01-26-at-13.01.51.jpeg","jetpack_shortlink":"https:\/\/wp.me\/p6RhLt-tMP","jetpack_sharing_enabled":true,"_links":{"self":[{"href":"https:\/\/eldiariodesanpedro.com.ar\/sitio\/wp-json\/wp\/v2\/posts\/114503","targetHints":{"allow":["GET"]}}],"collection":[{"href":"https:\/\/eldiariodesanpedro.com.ar\/sitio\/wp-json\/wp\/v2\/posts"}],"about":[{"href":"https:\/\/eldiariodesanpedro.com.ar\/sitio\/wp-json\/wp\/v2\/types\/post"}],"author":[{"embeddable":true,"href":"https:\/\/eldiariodesanpedro.com.ar\/sitio\/wp-json\/wp\/v2\/users\/4"}],"replies":[{"embeddable":true,"href":"https:\/\/eldiariodesanpedro.com.ar\/sitio\/wp-json\/wp\/v2\/comments?post=114503"}],"version-history":[{"count":1,"href":"https:\/\/eldiariodesanpedro.com.ar\/sitio\/wp-json\/wp\/v2\/posts\/114503\/revisions"}],"predecessor-version":[{"id":114510,"href":"https:\/\/eldiariodesanpedro.com.ar\/sitio\/wp-json\/wp\/v2\/posts\/114503\/revisions\/114510"}],"wp:featuredmedia":[{"embeddable":true,"href":"https:\/\/eldiariodesanpedro.com.ar\/sitio\/wp-json\/wp\/v2\/media\/114506"}],"wp:attachment":[{"href":"https:\/\/eldiariodesanpedro.com.ar\/sitio\/wp-json\/wp\/v2\/media?parent=114503"}],"wp:term":[{"taxonomy":"category","embeddable":true,"href":"https:\/\/eldiariodesanpedro.com.ar\/sitio\/wp-json\/wp\/v2\/categories?post=114503"},{"taxonomy":"post_tag","embeddable":true,"href":"https:\/\/eldiariodesanpedro.com.ar\/sitio\/wp-json\/wp\/v2\/tags?post=114503"}],"curies":[{"name":"wp","href":"https:\/\/api.w.org\/{rel}","templated":true}]}}