{"id":114490,"date":"2023-01-26T14:48:31","date_gmt":"2023-01-26T17:48:31","guid":{"rendered":"https:\/\/eldiariodesanpedro.com.ar\/sitio\/?p=114490"},"modified":"2023-01-26T14:48:34","modified_gmt":"2023-01-26T17:48:34","slug":"dr-felix-la-camara-expuso-que-no-esta-probado-que-fasce-haya-estado-en-el-lugar-del-hecho","status":"publish","type":"post","link":"https:\/\/eldiariodesanpedro.com.ar\/sitio\/dr-felix-la-camara-expuso-que-no-esta-probado-que-fasce-haya-estado-en-el-lugar-del-hecho\/","title":{"rendered":"Dr. F\u00e9lix: \u201cLa C\u00e1mara expuso que no est\u00e1 probado que Fasce haya estado en el lugar del hecho\u201d"},"content":{"rendered":"<!-- VideographyWP Plugin Message: Automatic video embedding prevented by plugin options. -->\n\n<p>El abogado de la mujer acusada de matar a su esposo se refiri\u00f3 a la resoluci\u00f3n que la dej\u00f3 en libertad y fue muy cr\u00edtico con la instrucci\u00f3n realizada por la fiscal\u00eda 11.<\/p>\n\n\n\n<p>D\u00edas atr\u00e1s el caso Ca\u00f1ete dio un giro inesperado al quedar en libertad Griselda Fasce, la mujer de 45 a\u00f1os que se encontraba detenida desde septiembre pasado luego de que sea acusada de asesinar a su marido de 42 a\u00f1os, hecho sucedido en noviembre de 2021.<\/p>\n\n\n\n<p>La C\u00e1mara de Apelaciones decidi\u00f3 hacer lugar a la presentaci\u00f3n que el Dr. Sebasti\u00e1n F\u00e9lix, defensor particular de la acusada, efectu\u00f3, y resolvi\u00f3 dejarla en libertad.<\/p>\n\n\n\n<p>\u201cFue la C\u00e1mara de Apelaciones de Trenque Lauquen, que es la que est\u00e1 interviniendo por la feria judicial de enero, quien resolvi\u00f3 hacer lugar al pedido de apelaci\u00f3n que hab\u00edamos presentado oponi\u00e9ndonos al dictado de prisi\u00f3n preventiva de Griselda Fasce\u201d, asegur\u00f3 F\u00e9lix.<\/p>\n\n\n\n<p>\u201cNo solo se\u00f1alando la medida sino tambi\u00e9n criticando la resoluci\u00f3n del Juzgado de Garant\u00edas 1 y de la fiscal\u00eda 11 de San Pedro\u201d.<\/p>\n\n\n\n<p>\u201cLa causa tuvo una investigaci\u00f3n defectuosa, serios errores de procedimiento como el de investigar un homicidio calificado, pero no hay una sola diligencia de operaci\u00f3n de autopsia realizada en el cuerpo del se\u00f1or Ca\u00f1ete\u201d, asegur\u00f3 el abogado.<\/p>\n\n\n\n<p>\u201cEn todo hecho como este, donde se sospecha de una muerte violenta, el c\u00f3digo de procedimiento exige al fiscal interviniente realizar la operaci\u00f3n de autopsia\u201d. \u201cEs casi rid\u00edculo que no se haya hecho la operaci\u00f3n de autopsia, m\u00e1s a\u00fan cuando se sospechaba de una acci\u00f3n violenta\u201d.<\/p>\n\n\n\n<p>\u201cLa resoluci\u00f3n es en base a la declaraci\u00f3n de los m\u00e9dicos del hospital Emilio Ruffa, porque a los m\u00e9dicos del San Felipe de San Nicol\u00e1s nunca se les tom\u00f3 declaraci\u00f3n\u201d, destac\u00f3 el abogado.<\/p>\n\n\n\n<p>\u201cEstamos hablando de m\u00e9dicos que lo estuvieron tratando durante todos los d\u00edas que estuvo internado en San Nicol\u00e1s\u201d. \u201cHemos pedido distintas medidas y la fiscal\u00eda a\u00fan no las ha ordenado\u201d.<\/p>\n\n\n\n<p>\u201cLa C\u00e1mara es extremadamente cr\u00edtica en su exposici\u00f3n diciendo que no est\u00e1 probado ni siquiera con el grado m\u00ednimo de sospecha que la se\u00f1ora Fasce haya estado en el lugar y en el momento en que se produce la lesi\u00f3n\u201d. \u201cEs una instrucci\u00f3n de muy baja calidad t\u00e9cnica y judicial\u201d.<\/p>\n\n\n\n<p>El hecho se produjo el 6 de noviembre de 2021 en horas de la tarde en el interior de la casa que ambos compart\u00edan en Hip\u00f3lito Yrigoyen al 600.<\/p>\n\n\n\n<p>Ese d\u00eda la pareja hab\u00eda estado en una reuni\u00f3n familiar, discutieron y se retiraron. Las diferencias continuaron en el domicilio y termin\u00f3 de la peor manera cuando Ca\u00f1ete ya herido sali\u00f3 a la vereda solicitando auxilio. El hombre presentaba dos heridas cortantes, una de ellas afect\u00f3 una arteria lo que hizo que perdiera mucha sangre y tras pelear por su vida varios d\u00edas internado en San Nicol\u00e1s, falleci\u00f3.<\/p>\n\n\n\n<p>Fuente: San Pedro Informa<\/p>\n","protected":false},"excerpt":{"rendered":"<p>El abogado de la mujer acusada de matar a su esposo se refiri\u00f3 a la resoluci\u00f3n que la dej\u00f3 en libertad y fue muy cr\u00edtico con la instrucci\u00f3n realizada por la fiscal\u00eda 11. D\u00edas atr\u00e1s el caso Ca\u00f1ete dio un giro inesperado al quedar en libertad Griselda Fasce, la mujer de 45 a\u00f1os que se [&hellip;]<\/p>\n","protected":false},"author":4,"featured_media":114491,"comment_status":"closed","ping_status":"closed","sticky":false,"template":"","format":"standard","meta":{"om_disable_all_campaigns":false,"_jetpack_memberships_contains_paid_content":false,"footnotes":""},"categories":[50,101,2],"tags":[],"class_list":["post-114490","post","type-post","status-publish","format-standard","has-post-thumbnail","hentry","category-destacadas","category-interes-general-locales","category-locales"],"aioseo_notices":[],"gutentor_comment":0,"jetpack_featured_media_url":"https:\/\/eldiariodesanpedro.com.ar\/sitio\/wp-content\/uploads\/2023\/01\/0000021586-resized-1920x1080-1.jpg","jetpack_shortlink":"https:\/\/wp.me\/p6RhLt-tMC","jetpack_sharing_enabled":true,"_links":{"self":[{"href":"https:\/\/eldiariodesanpedro.com.ar\/sitio\/wp-json\/wp\/v2\/posts\/114490","targetHints":{"allow":["GET"]}}],"collection":[{"href":"https:\/\/eldiariodesanpedro.com.ar\/sitio\/wp-json\/wp\/v2\/posts"}],"about":[{"href":"https:\/\/eldiariodesanpedro.com.ar\/sitio\/wp-json\/wp\/v2\/types\/post"}],"author":[{"embeddable":true,"href":"https:\/\/eldiariodesanpedro.com.ar\/sitio\/wp-json\/wp\/v2\/users\/4"}],"replies":[{"embeddable":true,"href":"https:\/\/eldiariodesanpedro.com.ar\/sitio\/wp-json\/wp\/v2\/comments?post=114490"}],"version-history":[{"count":1,"href":"https:\/\/eldiariodesanpedro.com.ar\/sitio\/wp-json\/wp\/v2\/posts\/114490\/revisions"}],"predecessor-version":[{"id":114492,"href":"https:\/\/eldiariodesanpedro.com.ar\/sitio\/wp-json\/wp\/v2\/posts\/114490\/revisions\/114492"}],"wp:featuredmedia":[{"embeddable":true,"href":"https:\/\/eldiariodesanpedro.com.ar\/sitio\/wp-json\/wp\/v2\/media\/114491"}],"wp:attachment":[{"href":"https:\/\/eldiariodesanpedro.com.ar\/sitio\/wp-json\/wp\/v2\/media?parent=114490"}],"wp:term":[{"taxonomy":"category","embeddable":true,"href":"https:\/\/eldiariodesanpedro.com.ar\/sitio\/wp-json\/wp\/v2\/categories?post=114490"},{"taxonomy":"post_tag","embeddable":true,"href":"https:\/\/eldiariodesanpedro.com.ar\/sitio\/wp-json\/wp\/v2\/tags?post=114490"}],"curies":[{"name":"wp","href":"https:\/\/api.w.org\/{rel}","templated":true}]}}