{"id":114487,"date":"2023-01-26T14:10:04","date_gmt":"2023-01-26T17:10:04","guid":{"rendered":"https:\/\/eldiariodesanpedro.com.ar\/sitio\/?p=114487"},"modified":"2023-01-26T14:10:06","modified_gmt":"2023-01-26T17:10:06","slug":"su-tio-la-violo-de-nina-conto-su-dolor-en-dos-libros-y-logro-la-sentencia-la-historia-de-belen-lopez-peiro","status":"publish","type":"post","link":"https:\/\/eldiariodesanpedro.com.ar\/sitio\/su-tio-la-violo-de-nina-conto-su-dolor-en-dos-libros-y-logro-la-sentencia-la-historia-de-belen-lopez-peiro\/","title":{"rendered":"Su t\u00edo la viol\u00f3 de ni\u00f1a, cont\u00f3 su dolor en dos libros y logr\u00f3 la sentencia: la historia de Bel\u00e9n L\u00f3pez Peir\u00f3"},"content":{"rendered":"<!-- VideographyWP Plugin Message: Automatic video embedding prevented by plugin options. -->\n\n<p>D\u00edas atr\u00e1s San Pedro Informa revelaba la pena que se le impuso al ex comisario Claudio Sarlo. La v\u00edctima Habl\u00f3 con LA NACION desde Espa\u00f1a, luego del fallo en un juicio abreviado que le permiti\u00f3 comenzar a sanar las heridas de los abusos que sufri\u00f3 entre los 13 y los 17 a\u00f1os.<\/p>\n\n\n\n<p>\u00abMi objetivo no es la venganza\u201d, dice Bel\u00e9n L\u00f3pez Peir\u00f3 a LA NACION en un reportaje exclusivo desde Barcelona, donde como periodista y escritora realiza una maestr\u00eda en creaci\u00f3n literaria, mientras todav\u00eda resuena en su computadora la sentencia que ahora le permite ser y sentirse libre: En la ciudad de San Nicol\u00e1s de los Arroyos, a 26 de diciembre de 2022, en raz\u00f3n de lo prescripto por el art\u00edculo 399, segundo apartado del CPP \u2013C\u00f3digo de Procedimiento Penal\u2013, se resuelve: condenar a Claudio Marcelino Sarlo como autor penalmente responsable de los delitos de abuso sexual&nbsp;<strong><em>gravemente ultrajante agravado por resultar el autor encargado de la guarda y por haber sido cometido contra una menor de 18 a\u00f1os aprovechando la situaci\u00f3n de convivencia preexistente con la misma en forma reiterada\u2026 a la pena de 10 a\u00f1os de prisi\u00f3n<\/em><\/strong><em>, con la prohibici\u00f3n de mantener contacto con la v\u00edctima<\/em>.<\/p>\n\n\n\n<p>Cuando la escuch\u00f3, aferrada con fuerza a la mano de Adriano, su pareja, su mente y su cuerpo se estremecieron. Es que vivi\u00f3 17 a\u00f1os de angustia y dolor que laceraron su integridad hasta que su abusador reconoci\u00f3 su culpa.<\/p>\n\n\n\n<p>\ufeffTen\u00eda apenas 13 cuando su t\u00edo Claudio, polic\u00eda, comisario de la polic\u00eda bonaerense, comenz\u00f3 a abusar sexualmente de ella, y as\u00ed continu\u00f3 hasta los 17. Todos los veranos, Bel\u00e9n llegaba al pueblo de Santa Luc\u00eda, cercano a San Pedro, para pasar las vacaciones en casa de su t\u00eda, mientras su madre segu\u00eda trabajando en la Capital como periodista.\ufeff<\/p>\n\n\n\n<p>Encontr\u00f3 en la literatura su manera de contar y descargar su cabeza donde no cab\u00eda m\u00e1s tanta tristeza, rabia e informaci\u00f3n. Y escribi\u00f3 dos libros tan crudos como imperdibles. Primero, Por qu\u00e9 volv\u00edas cada verano\u201d (Madreselva), una obra polif\u00f3nica en la que deja salir a la luz todo lo que le sucedi\u00f3, donde las tardes de siesta y las noches se convert\u00edan en pesadilla cuando \u00e9l se acercaba sigiloso para dormir a su lado.<\/p>\n\n\n\n<p>Luego lleg\u00f3 Donde no hago pie (Lumen), un resumen impactante donde cuenta en detalle todo con lo que se debe enfrentar una mujer cuando decide denunciar a su abusador.<\/p>\n\n\n\n<p>Fuente: La Naci\u00f3n<\/p>\n","protected":false},"excerpt":{"rendered":"<p>D\u00edas atr\u00e1s San Pedro Informa revelaba la pena que se le impuso al ex comisario Claudio Sarlo. La v\u00edctima Habl\u00f3 con LA NACION desde Espa\u00f1a, luego del fallo en un juicio abreviado que le permiti\u00f3 comenzar a sanar las heridas de los abusos que sufri\u00f3 entre los 13 y los 17 a\u00f1os. \u00abMi objetivo no [&hellip;]<\/p>\n","protected":false},"author":4,"featured_media":114488,"comment_status":"closed","ping_status":"closed","sticky":false,"template":"","format":"standard","meta":{"om_disable_all_campaigns":false,"_jetpack_memberships_contains_paid_content":false,"footnotes":""},"categories":[50,101,2],"tags":[197,696,19],"class_list":["post-114487","post","type-post","status-publish","format-standard","has-post-thumbnail","hentry","category-destacadas","category-interes-general-locales","category-locales","tag-buenos-aires","tag-interes-general","tag-san-pedro"],"aioseo_notices":[],"gutentor_comment":0,"jetpack_featured_media_url":"https:\/\/eldiariodesanpedro.com.ar\/sitio\/wp-content\/uploads\/2023\/01\/0000021578-resized-1920x1080-1.jpg","jetpack_shortlink":"https:\/\/wp.me\/p6RhLt-tMz","jetpack_sharing_enabled":true,"_links":{"self":[{"href":"https:\/\/eldiariodesanpedro.com.ar\/sitio\/wp-json\/wp\/v2\/posts\/114487","targetHints":{"allow":["GET"]}}],"collection":[{"href":"https:\/\/eldiariodesanpedro.com.ar\/sitio\/wp-json\/wp\/v2\/posts"}],"about":[{"href":"https:\/\/eldiariodesanpedro.com.ar\/sitio\/wp-json\/wp\/v2\/types\/post"}],"author":[{"embeddable":true,"href":"https:\/\/eldiariodesanpedro.com.ar\/sitio\/wp-json\/wp\/v2\/users\/4"}],"replies":[{"embeddable":true,"href":"https:\/\/eldiariodesanpedro.com.ar\/sitio\/wp-json\/wp\/v2\/comments?post=114487"}],"version-history":[{"count":1,"href":"https:\/\/eldiariodesanpedro.com.ar\/sitio\/wp-json\/wp\/v2\/posts\/114487\/revisions"}],"predecessor-version":[{"id":114489,"href":"https:\/\/eldiariodesanpedro.com.ar\/sitio\/wp-json\/wp\/v2\/posts\/114487\/revisions\/114489"}],"wp:featuredmedia":[{"embeddable":true,"href":"https:\/\/eldiariodesanpedro.com.ar\/sitio\/wp-json\/wp\/v2\/media\/114488"}],"wp:attachment":[{"href":"https:\/\/eldiariodesanpedro.com.ar\/sitio\/wp-json\/wp\/v2\/media?parent=114487"}],"wp:term":[{"taxonomy":"category","embeddable":true,"href":"https:\/\/eldiariodesanpedro.com.ar\/sitio\/wp-json\/wp\/v2\/categories?post=114487"},{"taxonomy":"post_tag","embeddable":true,"href":"https:\/\/eldiariodesanpedro.com.ar\/sitio\/wp-json\/wp\/v2\/tags?post=114487"}],"curies":[{"name":"wp","href":"https:\/\/api.w.org\/{rel}","templated":true}]}}